{"id":1504,"date":"2019-08-01T02:00:36","date_gmt":"2019-08-01T02:00:36","guid":{"rendered":"https:\/\/paramogaleria.com\/despues-de-la-fermentacion-solo-queda-el-pozo-press\/"},"modified":"2022-03-09T08:02:19","modified_gmt":"2022-03-09T08:02:19","slug":"despues-de-la-fermentacion-solo-queda-el-pozo-press","status":"publish","type":"post","link":"https:\/\/paramogaleria.com\/en\/despues-de-la-fermentacion-solo-queda-el-pozo-press\/","title":{"rendered":"DESPU\u00c9S DE LA FERMENTACI\u00d3N S\u00d3LO QUEDA EL POZO &#8211; Press"},"content":{"rendered":"<!--themify_builder_content-->\n<div id=\"themify_builder_content-1504\" data-postid=\"1504\" class=\"themify_builder_content themify_builder_content-1504 themify_builder tf_clear\">\n                    <div  data-lazy=\"1\" class=\"module_row themify_builder_row tb_s5ld703 tb_first tf_w\">\n                        <div class=\"row_inner col_align_top tb_col_count_1 tf_box tf_rel\">\n                        <div  data-lazy=\"1\" class=\"module_column tb-column col-full tb_d6ej555 first\">\n                    <!-- module gallery -->\n<div  class=\"module gallery module-gallery tb_hpng005 layout-slider  \" data-lazy=\"1\">\n                <div class=\"tf_swiper-container tf_carousel themify_builder_slider tf_rel tf_overflow\"\n              data-lazy=\"1\"                data-pager=\"0\"\n                data-speed=\"normal\"\n                data-slider_nav=\"0\"\n                data-wrapvar=\"1\"\n                data-height=\"variable\"\n                                    data-effect=\"fade\"\n                                        data-css_url=\"https:\/\/paramogaleria.com\/wp-content\/themes\/themify-ultra\/themify\/themify-builder\/css\/modules\/sliders\/carousel,https:\/\/paramogaleria.com\/wp-content\/themes\/themify-ultra\/themify\/themify-builder\/css\/modules\/sliders\/gallery\"\n                                                                                                data-thumbs=\"tb_hpng005_thumbs\"\n                                                             >\n            <div class=\"tf_swiper-wrapper tf_lazy tf_rel tf_w tf_h tf_textc\">\n                                                    <div class=\"tf_swiper-slide\" style=\"\">\n                        <div class=\"slide-inner-wrap\" style=\"margin-left:2px;margin-right:2px\">\n                            <div class=\"tf_lazy slide-image gallery-icon\">\n                            <a href=\"https:\/\/paramogaleria.com\/wp-content\/uploads\/2019\/08\/Bayrol-Jimenez-Despues-de-la-fermentacion-solo-queda-el-pozo-2019-16.jpg\" class=\"themify_lightbox\"><img src=\"data:image\/svg+xml,%3Csvg%20xmlns=%27http:\/\/www.w3.org\/2000\/svg%27%20width='1024'%20height='469'%20viewBox=%270%200%201024%20469%27%3E%3C\/svg%3E\" loading=\"lazy\" data-lazy=\"1\" data-tf-not-load=\"1\" style=\"background:linear-gradient(to right,#6aa97a 25%,#66a878 25% 50%,#63a776 50% 75%,#67a979 75%),linear-gradient(to right,#6cae7e 25%,#298b7e 25% 50%,#28887c 50% 75%,#187d77 75%),linear-gradient(to right,#3b8b68 25%,#5cb190 25% 50%,#2b8063 50% 75%,#2a866d 75%),linear-gradient(to right,#67ac7f 25%,#64a77c 25% 50%,#599e71 50% 75%,#58a579 75%)\" decoding=\"async\" data-tf-src=\"https:\/\/paramogaleria.com\/wp-content\/uploads\/2019\/08\/Bayrol-Jimenez-Despues-de-la-fermentacion-solo-queda-el-pozo-2019-16-1024x469.jpg\" width=\"1024\" height=\"469\" class=\"tf_svg_lazy wp-post-image wp-image-989\" title=\"Bayrol-Jimenez-Despues-de-la-fermentacion-solo-queda-el-pozo-2019-16\" alt=\"Bayrol Jim\u00e9nez - Despu\u00e9s de la fermentaci\u00f3n solo queda el pozo 2019. Jimenez Despues de la fermentacion solo queda el pozo 2019 16\"><noscript><img loading=\"lazy\" decoding=\"async\" data-tf-not-load src=\"https:\/\/paramogaleria.com\/wp-content\/uploads\/2019\/08\/Bayrol-Jimenez-Despues-de-la-fermentacion-solo-queda-el-pozo-2019-16-1024x469.jpg\" width=\"1024\" height=\"469\" class=\"wp-post-image wp-image-989\" title=\"Bayrol-Jimenez-Despues-de-la-fermentacion-solo-queda-el-pozo-2019-16\" alt=\"Bayrol Jim\u00e9nez - Despu\u00e9s de la fermentaci\u00f3n solo queda el pozo 2019. Jimenez Despues de la fermentacion solo queda el pozo 2019 16\"><\/noscript><\/a>                            <\/div>\n                                                    <\/div><\/div>\n                                    <div class=\"tf_swiper-slide\" style=\"display:none\">\n                        <div class=\"slide-inner-wrap\" style=\"margin-left:2px;margin-right:2px\">\n                            <div class=\"tf_lazy slide-image gallery-icon\">\n                            <a href=\"https:\/\/paramogaleria.com\/wp-content\/uploads\/2019\/08\/Bayrol-Jimenez-Despues-de-la-fermentacion-solo-queda-el-pozo-2019-06.jpg\" class=\"themify_lightbox\"><img src=\"data:image\/svg+xml,%3Csvg%20xmlns=%27http:\/\/www.w3.org\/2000\/svg%27%20width='1024'%20height='469'%20viewBox=%270%200%201024%20469%27%3E%3C\/svg%3E\" loading=\"lazy\" data-lazy=\"1\" data-tf-not-load=\"1\" style=\"background:linear-gradient(to right,#e9e8ed 25%,#e6e4e7 25% 50%,#e9e7e8 50% 75%,#e1dce0 75%),linear-gradient(to right,#e4837c 25%,#e2dedf 25% 50%,#9ba5c8 50% 75%,#d8d2d2 75%),linear-gradient(to right,#e0dcdd 25%,#d9d3d5 25% 50%,#dfd9d9 50% 75%,#cea936 75%),linear-gradient(to right,#76757b 25%,#a4999f 25% 50%,#938c93 50% 75%,#847a79 75%)\" decoding=\"async\" data-tf-src=\"https:\/\/paramogaleria.com\/wp-content\/uploads\/2019\/08\/Bayrol-Jimenez-Despues-de-la-fermentacion-solo-queda-el-pozo-2019-06-1024x469.jpg\" width=\"1024\" height=\"469\" class=\"tf_svg_lazy wp-post-image wp-image-973\" title=\"Bayrol-Jimenez-Despues-de-la-fermentacion-solo-queda-el-pozo-2019-06\" alt=\"Bayrol Jim\u00e9nez - Despu\u00e9s de la fermentaci\u00f3n solo queda el pozo 2019.\"><noscript><img loading=\"lazy\" decoding=\"async\" data-tf-not-load src=\"https:\/\/paramogaleria.com\/wp-content\/uploads\/2019\/08\/Bayrol-Jimenez-Despues-de-la-fermentacion-solo-queda-el-pozo-2019-06-1024x469.jpg\" width=\"1024\" height=\"469\" class=\"wp-post-image wp-image-973\" title=\"Bayrol-Jimenez-Despues-de-la-fermentacion-solo-queda-el-pozo-2019-06\" alt=\"Bayrol Jim\u00e9nez - Despu\u00e9s de la fermentaci\u00f3n solo queda el pozo 2019.\"><\/noscript><\/a>                            <\/div>\n                                                    <\/div><\/div>\n                                    <div class=\"tf_swiper-slide\" style=\"display:none\">\n                        <div class=\"slide-inner-wrap\" style=\"margin-left:2px;margin-right:2px\">\n                            <div class=\"tf_lazy slide-image gallery-icon\">\n                            <a href=\"https:\/\/paramogaleria.com\/wp-content\/uploads\/2019\/08\/Bayrol-Jimenez-Despues-de-la-fermentacion-solo-queda-el-pozo-2019-05.jpg\" class=\"themify_lightbox\"><img src=\"data:image\/svg+xml,%3Csvg%20xmlns=%27http:\/\/www.w3.org\/2000\/svg%27%20width='1024'%20height='469'%20viewBox=%270%200%201024%20469%27%3E%3C\/svg%3E\" loading=\"lazy\" data-lazy=\"1\" data-tf-not-load=\"1\" style=\"background:linear-gradient(to right,#dfd9d9 25%,#eeedf2 25% 50%,#f1f0f5 50% 75%,#f1f0f5 75%),linear-gradient(to right,#498ba3 25%,#e8e7ec 25% 50%,#45547d 50% 75%,#ececee 75%),linear-gradient(to right,#d5cdcb 25%,#e6e0e2 25% 50%,#912920 50% 75%,#e6e4e7 75%),linear-gradient(to right,#cfb044 25%,#dec583 25% 50%,#bea879 50% 75%,#b1adac 75%)\" decoding=\"async\" data-tf-src=\"https:\/\/paramogaleria.com\/wp-content\/uploads\/2019\/08\/Bayrol-Jimenez-Despues-de-la-fermentacion-solo-queda-el-pozo-2019-05-1024x469.jpg\" width=\"1024\" height=\"469\" class=\"tf_svg_lazy wp-post-image wp-image-971\" title=\"Bayrol-Jimenez-Despues-de-la-fermentacion-solo-queda-el-pozo-2019-05\" alt=\"Bayrol Jim\u00e9nez - Despu\u00e9s de la fermentaci\u00f3n solo queda el pozo 2019.\"><noscript><img loading=\"lazy\" decoding=\"async\" data-tf-not-load src=\"https:\/\/paramogaleria.com\/wp-content\/uploads\/2019\/08\/Bayrol-Jimenez-Despues-de-la-fermentacion-solo-queda-el-pozo-2019-05-1024x469.jpg\" width=\"1024\" height=\"469\" class=\"wp-post-image wp-image-971\" title=\"Bayrol-Jimenez-Despues-de-la-fermentacion-solo-queda-el-pozo-2019-05\" alt=\"Bayrol Jim\u00e9nez - Despu\u00e9s de la fermentaci\u00f3n solo queda el pozo 2019.\"><\/noscript><\/a>                            <\/div>\n                                                    <\/div><\/div>\n                                    <div class=\"tf_swiper-slide\" style=\"display:none\">\n                        <div class=\"slide-inner-wrap\" style=\"margin-left:2px;margin-right:2px\">\n                            <div class=\"tf_lazy slide-image gallery-icon\">\n                            <a href=\"https:\/\/paramogaleria.com\/wp-content\/uploads\/2019\/08\/Bayrol-Jimenez-Despues-de-la-fermentacion-solo-queda-el-pozo-2019-04.jpg\" class=\"themify_lightbox\"><img src=\"data:image\/svg+xml,%3Csvg%20xmlns=%27http:\/\/www.w3.org\/2000\/svg%27%20width='1024'%20height='469'%20viewBox=%270%200%201024%20469%27%3E%3C\/svg%3E\" loading=\"lazy\" data-lazy=\"1\" data-tf-not-load=\"1\" style=\"background:linear-gradient(to right,#e5e3e8 25%,#ededef 25% 50%,#f3f4f8 50% 75%,#f3f4f8 75%),linear-gradient(to right,#a59864 25%,#e7e7e9 25% 50%,#eaeaea 50% 75%,#edeef3 75%),linear-gradient(to right,#9b5659 25%,#e7e3e4 25% 50%,#e7e5e6 50% 75%,#e7e6ec 75%),linear-gradient(to right,#95877c 25%,#b1abab 25% 50%,#c6c0c0 50% 75%,#aba6aa 75%)\" decoding=\"async\" data-tf-src=\"https:\/\/paramogaleria.com\/wp-content\/uploads\/2019\/08\/Bayrol-Jimenez-Despues-de-la-fermentacion-solo-queda-el-pozo-2019-04-1024x469.jpg\" width=\"1024\" height=\"469\" class=\"tf_svg_lazy wp-post-image wp-image-969\" title=\"Bayrol-Jimenez-Despues-de-la-fermentacion-solo-queda-el-pozo-2019-04\" alt=\"Bayrol Jim\u00e9nez - Despu\u00e9s de la fermentaci\u00f3n solo queda el pozo 2019.\"><noscript><img loading=\"lazy\" decoding=\"async\" data-tf-not-load src=\"https:\/\/paramogaleria.com\/wp-content\/uploads\/2019\/08\/Bayrol-Jimenez-Despues-de-la-fermentacion-solo-queda-el-pozo-2019-04-1024x469.jpg\" width=\"1024\" height=\"469\" class=\"wp-post-image wp-image-969\" title=\"Bayrol-Jimenez-Despues-de-la-fermentacion-solo-queda-el-pozo-2019-04\" alt=\"Bayrol Jim\u00e9nez - Despu\u00e9s de la fermentaci\u00f3n solo queda el pozo 2019.\"><\/noscript><\/a>                            <\/div>\n                                                    <\/div><\/div>\n                                    <div class=\"tf_swiper-slide\" style=\"display:none\">\n                        <div class=\"slide-inner-wrap\" style=\"margin-left:2px;margin-right:2px\">\n                            <div class=\"tf_lazy slide-image gallery-icon\">\n                            <a href=\"https:\/\/paramogaleria.com\/wp-content\/uploads\/2019\/08\/Bayrol-Jimenez-Despues-de-la-fermentacion-solo-queda-el-pozo-2019-03.jpg\" class=\"themify_lightbox\"><img src=\"data:image\/svg+xml,%3Csvg%20xmlns=%27http:\/\/www.w3.org\/2000\/svg%27%20width='1024'%20height='469'%20viewBox=%270%200%201024%20469%27%3E%3C\/svg%3E\" loading=\"lazy\" data-lazy=\"1\" data-tf-not-load=\"1\" style=\"background:linear-gradient(to right,#e7e6eb 25%,#eeeef0 25% 50%,#eceaed 50% 75%,#e6e4e9 75%),linear-gradient(to right,#e6e4e9 25%,#f8e4b1 25% 50%,#e8e6e9 50% 75%,#e4dfe3 75%),linear-gradient(to right,#e2dde3 25%,#e6e4e7 25% 50%,#e9dfe7 50% 75%,#dfd9d9 75%),linear-gradient(to right,#dddbde 25%,#778b82 25% 50%,#a54eaf 50% 75%,#95399e 75%)\" decoding=\"async\" data-tf-src=\"https:\/\/paramogaleria.com\/wp-content\/uploads\/2019\/08\/Bayrol-Jimenez-Despues-de-la-fermentacion-solo-queda-el-pozo-2019-03-1024x469.jpg\" width=\"1024\" height=\"469\" class=\"tf_svg_lazy wp-post-image wp-image-967\" title=\"Bayrol-Jimenez-Despues-de-la-fermentacion-solo-queda-el-pozo-2019-03\" alt=\"Bayrol Jim\u00e9nez - Despu\u00e9s de la fermentaci\u00f3n solo queda el pozo 2019.\"><noscript><img loading=\"lazy\" decoding=\"async\" data-tf-not-load src=\"https:\/\/paramogaleria.com\/wp-content\/uploads\/2019\/08\/Bayrol-Jimenez-Despues-de-la-fermentacion-solo-queda-el-pozo-2019-03-1024x469.jpg\" width=\"1024\" height=\"469\" class=\"wp-post-image wp-image-967\" title=\"Bayrol-Jimenez-Despues-de-la-fermentacion-solo-queda-el-pozo-2019-03\" alt=\"Bayrol Jim\u00e9nez - Despu\u00e9s de la fermentaci\u00f3n solo queda el pozo 2019.\"><\/noscript><\/a>                            <\/div>\n                                                    <\/div><\/div>\n                                    <div class=\"tf_swiper-slide\" style=\"display:none\">\n                        <div class=\"slide-inner-wrap\" style=\"margin-left:2px;margin-right:2px\">\n                            <div class=\"tf_lazy slide-image gallery-icon\">\n                            <a href=\"https:\/\/paramogaleria.com\/wp-content\/uploads\/2019\/08\/Bayrol-Jimenez-Despues-de-la-fermentacion-solo-queda-el-pozo-2019-02.jpg\" class=\"themify_lightbox\"><img src=\"data:image\/svg+xml,%3Csvg%20xmlns=%27http:\/\/www.w3.org\/2000\/svg%27%20width='1024'%20height='469'%20viewBox=%270%200%201024%20469%27%3E%3C\/svg%3E\" loading=\"lazy\" data-lazy=\"1\" data-tf-not-load=\"1\" style=\"background:linear-gradient(to right,#3b6a58 25%,#303599 25% 50%,#e5e1e2 50% 75%,#5d1d42 75%),linear-gradient(to right,#485b3b 25%,#daa295 25% 50%,#dbd5d5 50% 75%,#560e24 75%),linear-gradient(to right,#756c6f 25%,#9e9397 25% 50%,#8994b0 50% 75%,#96857b 75%),linear-gradient(to right,#a4a2b0 25%,#b2b3c5 25% 50%,#ccccd6 50% 75%,#aaa2ad 75%)\" decoding=\"async\" data-tf-src=\"https:\/\/paramogaleria.com\/wp-content\/uploads\/2019\/08\/Bayrol-Jimenez-Despues-de-la-fermentacion-solo-queda-el-pozo-2019-02-1024x469.jpg\" width=\"1024\" height=\"469\" class=\"tf_svg_lazy wp-post-image wp-image-965\" title=\"Bayrol-Jimenez-Despues-de-la-fermentacion-solo-queda-el-pozo-2019-02\" alt=\"Bayrol Jim\u00e9nez - Despu\u00e9s de la fermentaci\u00f3n solo queda el pozo 2019.\"><noscript><img loading=\"lazy\" decoding=\"async\" data-tf-not-load src=\"https:\/\/paramogaleria.com\/wp-content\/uploads\/2019\/08\/Bayrol-Jimenez-Despues-de-la-fermentacion-solo-queda-el-pozo-2019-02-1024x469.jpg\" width=\"1024\" height=\"469\" class=\"wp-post-image wp-image-965\" title=\"Bayrol-Jimenez-Despues-de-la-fermentacion-solo-queda-el-pozo-2019-02\" alt=\"Bayrol Jim\u00e9nez - Despu\u00e9s de la fermentaci\u00f3n solo queda el pozo 2019.\"><\/noscript><\/a>                            <\/div>\n                                                    <\/div><\/div>\n                                    <div class=\"tf_swiper-slide\" style=\"display:none\">\n                        <div class=\"slide-inner-wrap\" style=\"margin-left:2px;margin-right:2px\">\n                            <div class=\"tf_lazy slide-image gallery-icon\">\n                            <a href=\"https:\/\/paramogaleria.com\/wp-content\/uploads\/2019\/08\/Bayrol-Jimenez-Despues-de-la-fermentacion-solo-queda-el-pozo-2019-07.jpg\" class=\"themify_lightbox\"><img src=\"data:image\/svg+xml,%3Csvg%20xmlns=%27http:\/\/www.w3.org\/2000\/svg%27%20width='1024'%20height='469'%20viewBox=%270%200%201024%20469%27%3E%3C\/svg%3E\" loading=\"lazy\" data-lazy=\"1\" data-tf-not-load=\"1\" style=\"background:linear-gradient(to right,#e6e9f0 25%,#eef1f6 25% 50%,#e1e7e7 50% 75%,#dddce1 75%),linear-gradient(to right,#ebe6e3 25%,#e8ebf0 25% 50%,#e9b75e 50% 75%,#d9d4da 75%),linear-gradient(to right,#e6e2df 25%,#e0e1e6 25% 50%,#327c9f 50% 75%,#90469d 75%),linear-gradient(to right,#c5c1c0 25%,#b0abb1 25% 50%,#b3b2b8 50% 75%,#6e646f 75%)\" decoding=\"async\" data-tf-src=\"https:\/\/paramogaleria.com\/wp-content\/uploads\/2019\/08\/Bayrol-Jimenez-Despues-de-la-fermentacion-solo-queda-el-pozo-2019-07-1024x469.jpg\" width=\"1024\" height=\"469\" class=\"tf_svg_lazy wp-post-image wp-image-975\" title=\"Bayrol-Jimenez-Despues-de-la-fermentacion-solo-queda-el-pozo-2019-07\" alt=\"Bayrol Jim\u00e9nez - Despu\u00e9s de la fermentaci\u00f3n solo queda el pozo 2019.\"><noscript><img loading=\"lazy\" decoding=\"async\" data-tf-not-load src=\"https:\/\/paramogaleria.com\/wp-content\/uploads\/2019\/08\/Bayrol-Jimenez-Despues-de-la-fermentacion-solo-queda-el-pozo-2019-07-1024x469.jpg\" width=\"1024\" height=\"469\" class=\"wp-post-image wp-image-975\" title=\"Bayrol-Jimenez-Despues-de-la-fermentacion-solo-queda-el-pozo-2019-07\" alt=\"Bayrol Jim\u00e9nez - Despu\u00e9s de la fermentaci\u00f3n solo queda el pozo 2019.\"><\/noscript><\/a>                            <\/div>\n                                                    <\/div><\/div>\n                                    <div class=\"tf_swiper-slide\" style=\"display:none\">\n                        <div class=\"slide-inner-wrap\" style=\"margin-left:2px;margin-right:2px\">\n                            <div class=\"tf_lazy slide-image gallery-icon\">\n                            <a href=\"https:\/\/paramogaleria.com\/wp-content\/uploads\/2019\/08\/Bayrol-Jimenez-Despues-de-la-fermentacion-solo-queda-el-pozo-2019-09.jpg\" class=\"themify_lightbox\"><img src=\"data:image\/svg+xml,%3Csvg%20xmlns=%27http:\/\/www.w3.org\/2000\/svg%27%20width='1024'%20height='469'%20viewBox=%270%200%201024%20469%27%3E%3C\/svg%3E\" loading=\"lazy\" data-lazy=\"1\" data-tf-not-load=\"1\" style=\"background:linear-gradient(to right,#ecebf0 25%,#e47b8a 25% 50%,#5d6490 50% 75%,#eeedf2 75%),linear-gradient(to right,#ebeaef 25%,#d13596 25% 50%,#73908c 50% 75%,#ecebf0 75%),linear-gradient(to right,#e8e7ec 25%,#832837 25% 50%,#5f5249 50% 75%,#eae9ee 75%),linear-gradient(to right,#e7e5ea 25%,#e9e9eb 25% 50%,#eaeaec 50% 75%,#e8e7ec 75%)\" decoding=\"async\" data-tf-src=\"https:\/\/paramogaleria.com\/wp-content\/uploads\/2019\/08\/Bayrol-Jimenez-Despues-de-la-fermentacion-solo-queda-el-pozo-2019-09-1024x469.jpg\" width=\"1024\" height=\"469\" class=\"tf_svg_lazy wp-post-image wp-image-977\" title=\"Bayrol-Jimenez-Despues-de-la-fermentacion-solo-queda-el-pozo-2019-09\" alt=\"Bayrol Jim\u00e9nez - Despu\u00e9s de la fermentaci\u00f3n solo queda el pozo 2019.\"><noscript><img loading=\"lazy\" decoding=\"async\" data-tf-not-load src=\"https:\/\/paramogaleria.com\/wp-content\/uploads\/2019\/08\/Bayrol-Jimenez-Despues-de-la-fermentacion-solo-queda-el-pozo-2019-09-1024x469.jpg\" width=\"1024\" height=\"469\" class=\"wp-post-image wp-image-977\" title=\"Bayrol-Jimenez-Despues-de-la-fermentacion-solo-queda-el-pozo-2019-09\" alt=\"Bayrol Jim\u00e9nez - Despu\u00e9s de la fermentaci\u00f3n solo queda el pozo 2019.\"><\/noscript><\/a>                            <\/div>\n                                                    <\/div><\/div>\n                                    <div class=\"tf_swiper-slide\" style=\"display:none\">\n                        <div class=\"slide-inner-wrap\" style=\"margin-left:2px;margin-right:2px\">\n                            <div class=\"tf_lazy slide-image gallery-icon\">\n                            <a href=\"https:\/\/paramogaleria.com\/wp-content\/uploads\/2019\/08\/Bayrol-Jimenez-Despues-de-la-fermentacion-solo-queda-el-pozo-2019-15.jpg\" class=\"themify_lightbox\"><img src=\"data:image\/svg+xml,%3Csvg%20xmlns=%27http:\/\/www.w3.org\/2000\/svg%27%20width='1024'%20height='469'%20viewBox=%270%200%201024%20469%27%3E%3C\/svg%3E\" loading=\"lazy\" data-lazy=\"1\" data-tf-not-load=\"1\" style=\"background:linear-gradient(to right,#dddee3 25%,#e5e6ea 25% 50%,#eaebed 50% 75%,#d3d3c7 75%),linear-gradient(to right,#d8d9de 25%,#e3e4e8 25% 50%,#eaebef 50% 75%,#e07e73 75%),linear-gradient(to right,#887f82 25%,#dfe0e4 25% 50%,#e8e9ed 50% 75%,#eeeff3 75%),linear-gradient(to right,#918a91 25%,#d5bc86 25% 50%,#e1e4e9 50% 75%,#e7ebee 75%)\" decoding=\"async\" data-tf-src=\"https:\/\/paramogaleria.com\/wp-content\/uploads\/2019\/08\/Bayrol-Jimenez-Despues-de-la-fermentacion-solo-queda-el-pozo-2019-15-1024x469.jpg\" width=\"1024\" height=\"469\" class=\"tf_svg_lazy wp-post-image wp-image-987\" title=\"Bayrol-Jimenez-Despues-de-la-fermentacion-solo-queda-el-pozo-2019-15\" alt=\"Bayrol Jim\u00e9nez - Despu\u00e9s de la fermentaci\u00f3n solo queda el pozo 2019.\"><noscript><img loading=\"lazy\" decoding=\"async\" data-tf-not-load src=\"https:\/\/paramogaleria.com\/wp-content\/uploads\/2019\/08\/Bayrol-Jimenez-Despues-de-la-fermentacion-solo-queda-el-pozo-2019-15-1024x469.jpg\" width=\"1024\" height=\"469\" class=\"wp-post-image wp-image-987\" title=\"Bayrol-Jimenez-Despues-de-la-fermentacion-solo-queda-el-pozo-2019-15\" alt=\"Bayrol Jim\u00e9nez - Despu\u00e9s de la fermentaci\u00f3n solo queda el pozo 2019.\"><\/noscript><\/a>                            <\/div>\n                                                    <\/div><\/div>\n                                    <div class=\"tf_swiper-slide\" style=\"display:none\">\n                        <div class=\"slide-inner-wrap\" style=\"margin-left:2px;margin-right:2px\">\n                            <div class=\"tf_lazy slide-image gallery-icon\">\n                            <a href=\"https:\/\/paramogaleria.com\/wp-content\/uploads\/2019\/08\/Bayrol-Jimenez-Despues-de-la-fermentacion-solo-queda-el-pozo-2019-13.jpg\" class=\"themify_lightbox\"><img src=\"data:image\/svg+xml,%3Csvg%20xmlns=%27http:\/\/www.w3.org\/2000\/svg%27%20width='1024'%20height='469'%20viewBox=%270%200%201024%20469%27%3E%3C\/svg%3E\" loading=\"lazy\" data-lazy=\"1\" data-tf-not-load=\"1\" style=\"background:linear-gradient(to right,#ecebf0 25%,#e9e7e8 25% 50%,#eceaed 50% 75%,#e7e5e6 75%),linear-gradient(to right,#e9e8ed 25%,#e5e3e4 25% 50%,#e8e6e9 50% 75%,#c49c79 75%),linear-gradient(to right,#e7e6ec 25%,#e1dfe2 25% 50%,#e3e1e4 50% 75%,#ccc9d0 75%),linear-gradient(to right,#e9bd64 25%,#d9d7da 25% 50%,#8c8688 50% 75%,#bbbac0 75%)\" decoding=\"async\" data-tf-src=\"https:\/\/paramogaleria.com\/wp-content\/uploads\/2019\/08\/Bayrol-Jimenez-Despues-de-la-fermentacion-solo-queda-el-pozo-2019-13-1024x469.jpg\" width=\"1024\" height=\"469\" class=\"tf_svg_lazy wp-post-image wp-image-985\" title=\"Bayrol-Jimenez-Despues-de-la-fermentacion-solo-queda-el-pozo-2019-13\" alt=\"Bayrol Jim\u00e9nez - Despu\u00e9s de la fermentaci\u00f3n solo queda el pozo 2019.\"><noscript><img loading=\"lazy\" decoding=\"async\" data-tf-not-load src=\"https:\/\/paramogaleria.com\/wp-content\/uploads\/2019\/08\/Bayrol-Jimenez-Despues-de-la-fermentacion-solo-queda-el-pozo-2019-13-1024x469.jpg\" width=\"1024\" height=\"469\" class=\"wp-post-image wp-image-985\" title=\"Bayrol-Jimenez-Despues-de-la-fermentacion-solo-queda-el-pozo-2019-13\" alt=\"Bayrol Jim\u00e9nez - Despu\u00e9s de la fermentaci\u00f3n solo queda el pozo 2019.\"><\/noscript><\/a>                            <\/div>\n                                                    <\/div><\/div>\n                                    <div class=\"tf_swiper-slide\" style=\"display:none\">\n                        <div class=\"slide-inner-wrap\" style=\"margin-left:2px;margin-right:2px\">\n                            <div class=\"tf_lazy slide-image gallery-icon\">\n                            <a href=\"https:\/\/paramogaleria.com\/wp-content\/uploads\/2019\/08\/Bayrol-Jimenez-Despues-de-la-fermentacion-solo-queda-el-pozo-2019-12.jpg\" class=\"themify_lightbox\"><img src=\"data:image\/svg+xml,%3Csvg%20xmlns=%27http:\/\/www.w3.org\/2000\/svg%27%20width='1024'%20height='469'%20viewBox=%270%200%201024%20469%27%3E%3C\/svg%3E\" loading=\"lazy\" data-lazy=\"1\" data-tf-not-load=\"1\" style=\"background:linear-gradient(to right,#e5e3e6 25%,#eae8eb 25% 50%,#eceaeb 50% 75%,#ebebed 75%),linear-gradient(to right,#dcd8d9 25%,#e6e4e7 25% 50%,#ece3ba 50% 75%,#e8e7ec 75%),linear-gradient(to right,#d0cccd 25%,#dfdfe1 25% 50%,#003551 50% 75%,#e4e2e7 75%),linear-gradient(to right,#bbbabf 25%,#d0ced1 25% 50%,#d8d6d9 50% 75%,#dcdadf 75%)\" decoding=\"async\" data-tf-src=\"https:\/\/paramogaleria.com\/wp-content\/uploads\/2019\/08\/Bayrol-Jimenez-Despues-de-la-fermentacion-solo-queda-el-pozo-2019-12-1024x469.jpg\" width=\"1024\" height=\"469\" class=\"tf_svg_lazy wp-post-image wp-image-983\" title=\"Bayrol-Jimenez-Despues-de-la-fermentacion-solo-queda-el-pozo-2019-12\" alt=\"Bayrol Jim\u00e9nez - Despu\u00e9s de la fermentaci\u00f3n solo queda el pozo 2019.\"><noscript><img loading=\"lazy\" decoding=\"async\" data-tf-not-load src=\"https:\/\/paramogaleria.com\/wp-content\/uploads\/2019\/08\/Bayrol-Jimenez-Despues-de-la-fermentacion-solo-queda-el-pozo-2019-12-1024x469.jpg\" width=\"1024\" height=\"469\" class=\"wp-post-image wp-image-983\" title=\"Bayrol-Jimenez-Despues-de-la-fermentacion-solo-queda-el-pozo-2019-12\" alt=\"Bayrol Jim\u00e9nez - Despu\u00e9s de la fermentaci\u00f3n solo queda el pozo 2019.\"><\/noscript><\/a>                            <\/div>\n                                                    <\/div><\/div>\n                                    <div class=\"tf_swiper-slide\" style=\"display:none\">\n                        <div class=\"slide-inner-wrap\" style=\"margin-left:2px;margin-right:2px\">\n                            <div class=\"tf_lazy slide-image gallery-icon\">\n                            <a href=\"https:\/\/paramogaleria.com\/wp-content\/uploads\/2019\/08\/Bayrol-Jimenez-Despues-de-la-fermentacion-solo-queda-el-pozo-2019-11.jpg\" class=\"themify_lightbox\"><img src=\"data:image\/svg+xml,%3Csvg%20xmlns=%27http:\/\/www.w3.org\/2000\/svg%27%20width='1024'%20height='469'%20viewBox=%270%200%201024%20469%27%3E%3C\/svg%3E\" loading=\"lazy\" data-lazy=\"1\" data-tf-not-load=\"1\" style=\"background:linear-gradient(to right,#efeff1 25%,#edebec 25% 50%,#759d92 50% 75%,#e9e7ea 75%),linear-gradient(to right,#2c3242 25%,#ebe7e8 25% 50%,#5b8f79 50% 75%,#f1edec 75%),linear-gradient(to right,#3f374f 25%,#e3e2e0 25% 50%,#577142 50% 75%,#e7e3e4 75%),linear-gradient(to right,#909495 25%,#e1ddde 25% 50%,#0c5a66 50% 75%,#e3dfe0 75%)\" decoding=\"async\" data-tf-src=\"https:\/\/paramogaleria.com\/wp-content\/uploads\/2019\/08\/Bayrol-Jimenez-Despues-de-la-fermentacion-solo-queda-el-pozo-2019-11-1024x469.jpg\" width=\"1024\" height=\"469\" class=\"tf_svg_lazy wp-post-image wp-image-981\" title=\"Bayrol-Jimenez-Despues-de-la-fermentacion-solo-queda-el-pozo-2019-11\" alt=\"Bayrol Jim\u00e9nez - Despu\u00e9s de la fermentaci\u00f3n solo queda el pozo 2019.\"><noscript><img loading=\"lazy\" decoding=\"async\" data-tf-not-load src=\"https:\/\/paramogaleria.com\/wp-content\/uploads\/2019\/08\/Bayrol-Jimenez-Despues-de-la-fermentacion-solo-queda-el-pozo-2019-11-1024x469.jpg\" width=\"1024\" height=\"469\" class=\"wp-post-image wp-image-981\" title=\"Bayrol-Jimenez-Despues-de-la-fermentacion-solo-queda-el-pozo-2019-11\" alt=\"Bayrol Jim\u00e9nez - Despu\u00e9s de la fermentaci\u00f3n solo queda el pozo 2019.\"><\/noscript><\/a>                            <\/div>\n                                                    <\/div><\/div>\n                                    <div class=\"tf_swiper-slide\" style=\"display:none\">\n                        <div class=\"slide-inner-wrap\" style=\"margin-left:2px;margin-right:2px\">\n                            <div class=\"tf_lazy slide-image gallery-icon\">\n                            <a href=\"https:\/\/paramogaleria.com\/wp-content\/uploads\/2019\/08\/Bayrol-Jimenez-Despues-de-la-fermentacion-solo-queda-el-pozo-2019-10.jpg\" class=\"themify_lightbox\"><img src=\"data:image\/svg+xml,%3Csvg%20xmlns=%27http:\/\/www.w3.org\/2000\/svg%27%20width='1024'%20height='469'%20viewBox=%270%200%201024%20469%27%3E%3C\/svg%3E\" loading=\"lazy\" data-lazy=\"1\" data-tf-not-load=\"1\" style=\"background:linear-gradient(to right,#d3cdd1 25%,#ddd8dc 25% 50%,#e2e1e6 50% 75%,#e2e1e7 75%),linear-gradient(to right,#65673f 25%,#dbd7d8 25% 50%,#e5e4e2 50% 75%,#e4e2e3 75%),linear-gradient(to right,#dfcbc2 25%,#d9d5d6 25% 50%,#ded9dd 50% 75%,#dbd9de 75%),linear-gradient(to right,#c6c0c2 25%,#d4d0d1 25% 50%,#dad5d9 50% 75%,#d7d5da 75%)\" decoding=\"async\" data-tf-src=\"https:\/\/paramogaleria.com\/wp-content\/uploads\/2019\/08\/Bayrol-Jimenez-Despues-de-la-fermentacion-solo-queda-el-pozo-2019-10-1024x469.jpg\" width=\"1024\" height=\"469\" class=\"tf_svg_lazy wp-post-image wp-image-979\" title=\"Bayrol-Jimenez-Despues-de-la-fermentacion-solo-queda-el-pozo-2019-10\" alt=\"Bayrol Jim\u00e9nez - Despu\u00e9s de la fermentaci\u00f3n solo queda el pozo 2019.\"><noscript><img loading=\"lazy\" decoding=\"async\" data-tf-not-load src=\"https:\/\/paramogaleria.com\/wp-content\/uploads\/2019\/08\/Bayrol-Jimenez-Despues-de-la-fermentacion-solo-queda-el-pozo-2019-10-1024x469.jpg\" width=\"1024\" height=\"469\" class=\"wp-post-image wp-image-979\" title=\"Bayrol-Jimenez-Despues-de-la-fermentacion-solo-queda-el-pozo-2019-10\" alt=\"Bayrol Jim\u00e9nez - Despu\u00e9s de la fermentaci\u00f3n solo queda el pozo 2019.\"><\/noscript><\/a>                            <\/div>\n                                                    <\/div><\/div>\n                                    <div class=\"tf_swiper-slide\" style=\"display:none\">\n                        <div class=\"slide-inner-wrap\" style=\"margin-left:2px;margin-right:2px\">\n                            <div class=\"tf_lazy slide-image gallery-icon\">\n                            <a href=\"https:\/\/paramogaleria.com\/wp-content\/uploads\/2019\/08\/Bayrol-Jimenez-Despues-de-la-fermentacion-solo-queda-el-pozo-2019-01.jpg\" class=\"themify_lightbox\"><img src=\"data:image\/svg+xml,%3Csvg%20xmlns=%27http:\/\/www.w3.org\/2000\/svg%27%20width='1024'%20height='469'%20viewBox=%270%200%201024%20469%27%3E%3C\/svg%3E\" loading=\"lazy\" data-lazy=\"1\" data-tf-not-load=\"1\" style=\"background:linear-gradient(to right,#ebeaef 25%,#e9e7ea 25% 50%,#ebe9ec 50% 75%,#ebeaef 75%),linear-gradient(to right,#3b2d44 25%,#e7e3e2 25% 50%,#111c6c 50% 75%,#c4d7d5 75%),linear-gradient(to right,#464557 25%,#ddd9d8 25% 50%,#e1d9d7 50% 75%,#afc2be 75%),linear-gradient(to right,#cac9cf 25%,#c0bdc4 25% 50%,#aeacb9 50% 75%,#a98e63 75%)\" decoding=\"async\" data-tf-src=\"https:\/\/paramogaleria.com\/wp-content\/uploads\/2019\/08\/Bayrol-Jimenez-Despues-de-la-fermentacion-solo-queda-el-pozo-2019-01-1024x469.jpg\" width=\"1024\" height=\"469\" class=\"tf_svg_lazy wp-post-image wp-image-963\" title=\"Bayrol-Jimenez-Despues-de-la-fermentacion-solo-queda-el-pozo-2019-01\" alt=\"Bayrol Jim\u00e9nez - Despu\u00e9s de la fermentaci\u00f3n solo queda el pozo 2019.\"><noscript><img loading=\"lazy\" decoding=\"async\" data-tf-not-load src=\"https:\/\/paramogaleria.com\/wp-content\/uploads\/2019\/08\/Bayrol-Jimenez-Despues-de-la-fermentacion-solo-queda-el-pozo-2019-01-1024x469.jpg\" width=\"1024\" height=\"469\" class=\"wp-post-image wp-image-963\" title=\"Bayrol-Jimenez-Despues-de-la-fermentacion-solo-queda-el-pozo-2019-01\" alt=\"Bayrol Jim\u00e9nez - Despu\u00e9s de la fermentaci\u00f3n solo queda el pozo 2019.\"><\/noscript><\/a>                            <\/div>\n                                                    <\/div><\/div>\n                            <\/div>\n        <\/div>\n                    <div class=\"tf_swiper-container tf_carousel themify_builder_slider tb_hpng005_thumbs tf_swiper-thumbs tf_rel tf_overflow\"\n              data-lazy=\"1\"                data-pager=\"0\"\n                data-speed=\"normal\"\n                data-slider_nav=\"0\"\n                data-wrapvar=\"1\"\n                data-height=\"variable\"\n                                                                            data-thumbs-id=\"tb_hpng005_thumbs\"\n                                                                 data-visible=\"10\" \n                data-tab-visible=\"10\"\n                data-mob-visible=\"5\"\n                data-scroll=\"1\"\n                                         >\n            <div class=\"tf_swiper-wrapper tf_lazy tf_rel tf_w tf_h tf_textc\">\n                                                    <div class=\"tf_swiper-slide\" style=\"\">\n                        <div class=\"slide-inner-wrap\" style=\"margin-left:2px;margin-right:2px\">\n                            <div class=\"tf_lazy slide-image gallery-icon\">\n                            <img src=\"data:image\/svg+xml,%3Csvg%20xmlns=%27http:\/\/www.w3.org\/2000\/svg%27%20width='958'%20height='439'%20viewBox=%270%200%20958%20439%27%3E%3C\/svg%3E\" loading=\"lazy\" data-lazy=\"1\" data-tf-not-load=\"1\" style=\"background:linear-gradient(to right,#6aa97a 25%,#63a575 25% 50%,#68aa7a 50% 75%,#67a979 75%),linear-gradient(to right,#6cae7e 25%,#177d70 25% 50%,#2a8576 50% 75%,#3ea18f 75%),linear-gradient(to right,#6bb28a 25%,#3f957c 25% 50%,#3e9b89 50% 75%,#238471 75%),linear-gradient(to right,#66af84 25%,#64ab7f 25% 50%,#60a97b 50% 75%,#61ac81 75%)\" decoding=\"async\" width=\"958\" height=\"439\" data-tf-src=\"https:\/\/paramogaleria.com\/wp-content\/uploads\/2019\/08\/Bayrol-Jimenez-Despues-de-la-fermentacion-solo-queda-el-pozo-2019-16.jpg\" class=\"tf_svg_lazy wp-post-image wp-image-989\" title=\"Bayrol-Jimenez-Despues-de-la-fermentacion-solo-queda-el-pozo-2019-16\" alt=\"Bayrol Jim\u00e9nez - Despu\u00e9s de la fermentaci\u00f3n solo queda el pozo 2019. Jimenez Despues de la fermentacion solo queda el pozo 2019 16\" data-tf-srcset=\"https:\/\/paramogaleria.com\/wp-content\/uploads\/2019\/08\/Bayrol-Jimenez-Despues-de-la-fermentacion-solo-queda-el-pozo-2019-16.jpg 958w, https:\/\/paramogaleria.com\/wp-content\/uploads\/2019\/08\/Bayrol-Jimenez-Despues-de-la-fermentacion-solo-queda-el-pozo-2019-16-300x137.jpg 300w, https:\/\/paramogaleria.com\/wp-content\/uploads\/2019\/08\/Bayrol-Jimenez-Despues-de-la-fermentacion-solo-queda-el-pozo-2019-16-768x352.jpg 768w\" data-tf-sizes=\"(max-width: 958px) 100vw, 958px\" \/><noscript><img loading=\"lazy\" decoding=\"async\" width=\"958\" height=\"439\" data-tf-not-load src=\"https:\/\/paramogaleria.com\/wp-content\/uploads\/2019\/08\/Bayrol-Jimenez-Despues-de-la-fermentacion-solo-queda-el-pozo-2019-16.jpg\" class=\"wp-post-image wp-image-989\" title=\"Bayrol-Jimenez-Despues-de-la-fermentacion-solo-queda-el-pozo-2019-16\" alt=\"Bayrol Jim\u00e9nez - Despu\u00e9s de la fermentaci\u00f3n solo queda el pozo 2019. Jimenez Despues de la fermentacion solo queda el pozo 2019 16\" srcset=\"https:\/\/paramogaleria.com\/wp-content\/uploads\/2019\/08\/Bayrol-Jimenez-Despues-de-la-fermentacion-solo-queda-el-pozo-2019-16.jpg 958w, https:\/\/paramogaleria.com\/wp-content\/uploads\/2019\/08\/Bayrol-Jimenez-Despues-de-la-fermentacion-solo-queda-el-pozo-2019-16-300x137.jpg 300w, https:\/\/paramogaleria.com\/wp-content\/uploads\/2019\/08\/Bayrol-Jimenez-Despues-de-la-fermentacion-solo-queda-el-pozo-2019-16-768x352.jpg 768w\" sizes=\"auto, (max-width: 958px) 100vw, 958px\" \/><\/noscript>                            <\/div>\n                                                    <\/div><\/div>\n                                    <div class=\"tf_swiper-slide\" style=\"\">\n                        <div class=\"slide-inner-wrap\" style=\"margin-left:2px;margin-right:2px\">\n                            <div class=\"tf_lazy slide-image gallery-icon\">\n                            <img src=\"data:image\/svg+xml,%3Csvg%20xmlns=%27http:\/\/www.w3.org\/2000\/svg%27%20width='958'%20height='439'%20viewBox=%270%200%20958%20439%27%3E%3C\/svg%3E\" loading=\"lazy\" data-lazy=\"1\" data-tf-not-load=\"1\" style=\"background:linear-gradient(to right,#e8e7ec 25%,#e6e4e7 25% 50%,#e9e7e8 50% 75%,#dfdade 75%),linear-gradient(to right,#ec8268 25%,#e3dfe0 25% 50%,#8995a5 50% 75%,#d8d2d2 75%),linear-gradient(to right,#e0dcdd 25%,#dad4d4 25% 50%,#e0dcdb 50% 75%,#d2a93d 75%),linear-gradient(to right,#32373b 25%,#9c9396 25% 50%,#999299 50% 75%,#887f80 75%)\" decoding=\"async\" width=\"958\" height=\"439\" data-tf-src=\"https:\/\/paramogaleria.com\/wp-content\/uploads\/2019\/08\/Bayrol-Jimenez-Despues-de-la-fermentacion-solo-queda-el-pozo-2019-06.jpg\" class=\"tf_svg_lazy wp-post-image wp-image-973\" title=\"Bayrol-Jimenez-Despues-de-la-fermentacion-solo-queda-el-pozo-2019-06\" alt=\"Bayrol Jim\u00e9nez - Despu\u00e9s de la fermentaci\u00f3n solo queda el pozo 2019.\" data-tf-srcset=\"https:\/\/paramogaleria.com\/wp-content\/uploads\/2019\/08\/Bayrol-Jimenez-Despues-de-la-fermentacion-solo-queda-el-pozo-2019-06.jpg 958w, https:\/\/paramogaleria.com\/wp-content\/uploads\/2019\/08\/Bayrol-Jimenez-Despues-de-la-fermentacion-solo-queda-el-pozo-2019-06-300x137.jpg 300w, https:\/\/paramogaleria.com\/wp-content\/uploads\/2019\/08\/Bayrol-Jimenez-Despues-de-la-fermentacion-solo-queda-el-pozo-2019-06-768x352.jpg 768w\" data-tf-sizes=\"(max-width: 958px) 100vw, 958px\" \/><noscript><img loading=\"lazy\" decoding=\"async\" width=\"958\" height=\"439\" data-tf-not-load src=\"https:\/\/paramogaleria.com\/wp-content\/uploads\/2019\/08\/Bayrol-Jimenez-Despues-de-la-fermentacion-solo-queda-el-pozo-2019-06.jpg\" class=\"wp-post-image wp-image-973\" title=\"Bayrol-Jimenez-Despues-de-la-fermentacion-solo-queda-el-pozo-2019-06\" alt=\"Bayrol Jim\u00e9nez - Despu\u00e9s de la fermentaci\u00f3n solo queda el pozo 2019.\" srcset=\"https:\/\/paramogaleria.com\/wp-content\/uploads\/2019\/08\/Bayrol-Jimenez-Despues-de-la-fermentacion-solo-queda-el-pozo-2019-06.jpg 958w, https:\/\/paramogaleria.com\/wp-content\/uploads\/2019\/08\/Bayrol-Jimenez-Despues-de-la-fermentacion-solo-queda-el-pozo-2019-06-300x137.jpg 300w, https:\/\/paramogaleria.com\/wp-content\/uploads\/2019\/08\/Bayrol-Jimenez-Despues-de-la-fermentacion-solo-queda-el-pozo-2019-06-768x352.jpg 768w\" sizes=\"auto, (max-width: 958px) 100vw, 958px\" \/><\/noscript>                            <\/div>\n                                                    <\/div><\/div>\n                                    <div class=\"tf_swiper-slide\" style=\"\">\n                        <div class=\"slide-inner-wrap\" style=\"margin-left:2px;margin-right:2px\">\n                            <div class=\"tf_lazy slide-image gallery-icon\">\n                            <img src=\"data:image\/svg+xml,%3Csvg%20xmlns=%27http:\/\/www.w3.org\/2000\/svg%27%20width='958'%20height='439'%20viewBox=%270%200%20958%20439%27%3E%3C\/svg%3E\" loading=\"lazy\" data-lazy=\"1\" data-tf-not-load=\"1\" style=\"background:linear-gradient(to right,#ded8d8 25%,#eeeef0 25% 50%,#f1f1f3 50% 75%,#f1f0f5 75%),linear-gradient(to right,#4397b9 25%,#e8e8ea 25% 50%,#414d73 50% 75%,#ededef 75%),linear-gradient(to right,#d4ccca 25%,#e4e0e1 25% 50%,#993132 50% 75%,#e6e4e7 75%),linear-gradient(to right,#c7a834 25%,#e3c680 25% 50%,#e2cb99 50% 75%,#b4b0b1 75%)\" decoding=\"async\" width=\"958\" height=\"439\" data-tf-src=\"https:\/\/paramogaleria.com\/wp-content\/uploads\/2019\/08\/Bayrol-Jimenez-Despues-de-la-fermentacion-solo-queda-el-pozo-2019-05.jpg\" class=\"tf_svg_lazy wp-post-image wp-image-971\" title=\"Bayrol-Jimenez-Despues-de-la-fermentacion-solo-queda-el-pozo-2019-05\" alt=\"Bayrol Jim\u00e9nez - Despu\u00e9s de la fermentaci\u00f3n solo queda el pozo 2019.\" data-tf-srcset=\"https:\/\/paramogaleria.com\/wp-content\/uploads\/2019\/08\/Bayrol-Jimenez-Despues-de-la-fermentacion-solo-queda-el-pozo-2019-05.jpg 958w, https:\/\/paramogaleria.com\/wp-content\/uploads\/2019\/08\/Bayrol-Jimenez-Despues-de-la-fermentacion-solo-queda-el-pozo-2019-05-300x137.jpg 300w, https:\/\/paramogaleria.com\/wp-content\/uploads\/2019\/08\/Bayrol-Jimenez-Despues-de-la-fermentacion-solo-queda-el-pozo-2019-05-768x352.jpg 768w\" data-tf-sizes=\"(max-width: 958px) 100vw, 958px\" \/><noscript><img loading=\"lazy\" decoding=\"async\" width=\"958\" height=\"439\" data-tf-not-load src=\"https:\/\/paramogaleria.com\/wp-content\/uploads\/2019\/08\/Bayrol-Jimenez-Despues-de-la-fermentacion-solo-queda-el-pozo-2019-05.jpg\" class=\"wp-post-image wp-image-971\" title=\"Bayrol-Jimenez-Despues-de-la-fermentacion-solo-queda-el-pozo-2019-05\" alt=\"Bayrol Jim\u00e9nez - Despu\u00e9s de la fermentaci\u00f3n solo queda el pozo 2019.\" srcset=\"https:\/\/paramogaleria.com\/wp-content\/uploads\/2019\/08\/Bayrol-Jimenez-Despues-de-la-fermentacion-solo-queda-el-pozo-2019-05.jpg 958w, https:\/\/paramogaleria.com\/wp-content\/uploads\/2019\/08\/Bayrol-Jimenez-Despues-de-la-fermentacion-solo-queda-el-pozo-2019-05-300x137.jpg 300w, https:\/\/paramogaleria.com\/wp-content\/uploads\/2019\/08\/Bayrol-Jimenez-Despues-de-la-fermentacion-solo-queda-el-pozo-2019-05-768x352.jpg 768w\" sizes=\"auto, (max-width: 958px) 100vw, 958px\" \/><\/noscript>                            <\/div>\n                                                    <\/div><\/div>\n                                    <div class=\"tf_swiper-slide\" style=\"\">\n                        <div class=\"slide-inner-wrap\" style=\"margin-left:2px;margin-right:2px\">\n                            <div class=\"tf_lazy slide-image gallery-icon\">\n                            <img src=\"data:image\/svg+xml,%3Csvg%20xmlns=%27http:\/\/www.w3.org\/2000\/svg%27%20width='958'%20height='439'%20viewBox=%270%200%20958%20439%27%3E%3C\/svg%3E\" loading=\"lazy\" data-lazy=\"1\" data-tf-not-load=\"1\" style=\"background:linear-gradient(to right,#e5e3e8 25%,#ededef 25% 50%,#f3f4f8 50% 75%,#f3f4f8 75%),linear-gradient(to right,#af9f6e 25%,#e7e7e9 25% 50%,#ebe9ea 50% 75%,#edeef3 75%),linear-gradient(to right,#9c5953 25%,#e5e3e4 25% 50%,#e7e5e6 50% 75%,#e7e6ec 75%),linear-gradient(to right,#968679 25%,#b7b1b1 25% 50%,#bfb9b9 50% 75%,#aca6a8 75%)\" decoding=\"async\" width=\"958\" height=\"439\" data-tf-src=\"https:\/\/paramogaleria.com\/wp-content\/uploads\/2019\/08\/Bayrol-Jimenez-Despues-de-la-fermentacion-solo-queda-el-pozo-2019-04.jpg\" class=\"tf_svg_lazy wp-post-image wp-image-969\" title=\"Bayrol-Jimenez-Despues-de-la-fermentacion-solo-queda-el-pozo-2019-04\" alt=\"Bayrol Jim\u00e9nez - Despu\u00e9s de la fermentaci\u00f3n solo queda el pozo 2019.\" data-tf-srcset=\"https:\/\/paramogaleria.com\/wp-content\/uploads\/2019\/08\/Bayrol-Jimenez-Despues-de-la-fermentacion-solo-queda-el-pozo-2019-04.jpg 958w, https:\/\/paramogaleria.com\/wp-content\/uploads\/2019\/08\/Bayrol-Jimenez-Despues-de-la-fermentacion-solo-queda-el-pozo-2019-04-300x137.jpg 300w, https:\/\/paramogaleria.com\/wp-content\/uploads\/2019\/08\/Bayrol-Jimenez-Despues-de-la-fermentacion-solo-queda-el-pozo-2019-04-768x352.jpg 768w\" data-tf-sizes=\"(max-width: 958px) 100vw, 958px\" \/><noscript><img loading=\"lazy\" decoding=\"async\" width=\"958\" height=\"439\" data-tf-not-load src=\"https:\/\/paramogaleria.com\/wp-content\/uploads\/2019\/08\/Bayrol-Jimenez-Despues-de-la-fermentacion-solo-queda-el-pozo-2019-04.jpg\" class=\"wp-post-image wp-image-969\" title=\"Bayrol-Jimenez-Despues-de-la-fermentacion-solo-queda-el-pozo-2019-04\" alt=\"Bayrol Jim\u00e9nez - Despu\u00e9s de la fermentaci\u00f3n solo queda el pozo 2019.\" srcset=\"https:\/\/paramogaleria.com\/wp-content\/uploads\/2019\/08\/Bayrol-Jimenez-Despues-de-la-fermentacion-solo-queda-el-pozo-2019-04.jpg 958w, https:\/\/paramogaleria.com\/wp-content\/uploads\/2019\/08\/Bayrol-Jimenez-Despues-de-la-fermentacion-solo-queda-el-pozo-2019-04-300x137.jpg 300w, https:\/\/paramogaleria.com\/wp-content\/uploads\/2019\/08\/Bayrol-Jimenez-Despues-de-la-fermentacion-solo-queda-el-pozo-2019-04-768x352.jpg 768w\" sizes=\"auto, (max-width: 958px) 100vw, 958px\" \/><\/noscript>                            <\/div>\n                                                    <\/div><\/div>\n                                    <div class=\"tf_swiper-slide\" style=\"\">\n                        <div class=\"slide-inner-wrap\" style=\"margin-left:2px;margin-right:2px\">\n                            <div class=\"tf_lazy slide-image gallery-icon\">\n                            <img src=\"data:image\/svg+xml,%3Csvg%20xmlns=%27http:\/\/www.w3.org\/2000\/svg%27%20width='958'%20height='439'%20viewBox=%270%200%20958%20439%27%3E%3C\/svg%3E\" loading=\"lazy\" data-lazy=\"1\" data-tf-not-load=\"1\" style=\"background:linear-gradient(to right,#e7e6eb 25%,#ededef 25% 50%,#eceaed 50% 75%,#e7e5e8 75%),linear-gradient(to right,#e6e4e9 25%,#f6e2af 25% 50%,#e8e6e9 50% 75%,#e5e0e4 75%),linear-gradient(to right,#e2dde3 25%,#e6e4e7 25% 50%,#e9dfea 50% 75%,#dfd9dd 75%),linear-gradient(to right,#d9d3d7 25%,#e5e1e0 25% 50%,#b15ab9 50% 75%,#a041a9 75%)\" decoding=\"async\" width=\"958\" height=\"439\" data-tf-src=\"https:\/\/paramogaleria.com\/wp-content\/uploads\/2019\/08\/Bayrol-Jimenez-Despues-de-la-fermentacion-solo-queda-el-pozo-2019-03.jpg\" class=\"tf_svg_lazy wp-post-image wp-image-967\" title=\"Bayrol-Jimenez-Despues-de-la-fermentacion-solo-queda-el-pozo-2019-03\" alt=\"Bayrol Jim\u00e9nez - Despu\u00e9s de la fermentaci\u00f3n solo queda el pozo 2019.\" data-tf-srcset=\"https:\/\/paramogaleria.com\/wp-content\/uploads\/2019\/08\/Bayrol-Jimenez-Despues-de-la-fermentacion-solo-queda-el-pozo-2019-03.jpg 958w, https:\/\/paramogaleria.com\/wp-content\/uploads\/2019\/08\/Bayrol-Jimenez-Despues-de-la-fermentacion-solo-queda-el-pozo-2019-03-300x137.jpg 300w, https:\/\/paramogaleria.com\/wp-content\/uploads\/2019\/08\/Bayrol-Jimenez-Despues-de-la-fermentacion-solo-queda-el-pozo-2019-03-768x352.jpg 768w\" data-tf-sizes=\"(max-width: 958px) 100vw, 958px\" \/><noscript><img loading=\"lazy\" decoding=\"async\" width=\"958\" height=\"439\" data-tf-not-load src=\"https:\/\/paramogaleria.com\/wp-content\/uploads\/2019\/08\/Bayrol-Jimenez-Despues-de-la-fermentacion-solo-queda-el-pozo-2019-03.jpg\" class=\"wp-post-image wp-image-967\" title=\"Bayrol-Jimenez-Despues-de-la-fermentacion-solo-queda-el-pozo-2019-03\" alt=\"Bayrol Jim\u00e9nez - Despu\u00e9s de la fermentaci\u00f3n solo queda el pozo 2019.\" srcset=\"https:\/\/paramogaleria.com\/wp-content\/uploads\/2019\/08\/Bayrol-Jimenez-Despues-de-la-fermentacion-solo-queda-el-pozo-2019-03.jpg 958w, https:\/\/paramogaleria.com\/wp-content\/uploads\/2019\/08\/Bayrol-Jimenez-Despues-de-la-fermentacion-solo-queda-el-pozo-2019-03-300x137.jpg 300w, https:\/\/paramogaleria.com\/wp-content\/uploads\/2019\/08\/Bayrol-Jimenez-Despues-de-la-fermentacion-solo-queda-el-pozo-2019-03-768x352.jpg 768w\" sizes=\"auto, (max-width: 958px) 100vw, 958px\" \/><\/noscript>                            <\/div>\n                                                    <\/div><\/div>\n                                    <div class=\"tf_swiper-slide\" style=\"\">\n                        <div class=\"slide-inner-wrap\" style=\"margin-left:2px;margin-right:2px\">\n                            <div class=\"tf_lazy slide-image gallery-icon\">\n                            <img src=\"data:image\/svg+xml,%3Csvg%20xmlns=%27http:\/\/www.w3.org\/2000\/svg%27%20width='958'%20height='439'%20viewBox=%270%200%20958%20439%27%3E%3C\/svg%3E\" loading=\"lazy\" data-lazy=\"1\" data-tf-not-load=\"1\" style=\"background:linear-gradient(to right,#426b5d 25%,#2b3491 25% 50%,#e6e2e3 50% 75%,#592647 75%),linear-gradient(to right,#4a5d3f 25%,#d4a093 25% 50%,#dcd6d6 50% 75%,#560c27 75%),linear-gradient(to right,#797073 25%,#a79d9e 25% 50%,#8dacc1 50% 75%,#918376 75%),linear-gradient(to right,#a4a2b0 25%,#c4c2cf 25% 50%,#cbcbd5 50% 75%,#a99fa8 75%)\" decoding=\"async\" width=\"958\" height=\"439\" data-tf-src=\"https:\/\/paramogaleria.com\/wp-content\/uploads\/2019\/08\/Bayrol-Jimenez-Despues-de-la-fermentacion-solo-queda-el-pozo-2019-02.jpg\" class=\"tf_svg_lazy wp-post-image wp-image-965\" title=\"Bayrol-Jimenez-Despues-de-la-fermentacion-solo-queda-el-pozo-2019-02\" alt=\"Bayrol Jim\u00e9nez - Despu\u00e9s de la fermentaci\u00f3n solo queda el pozo 2019.\" data-tf-srcset=\"https:\/\/paramogaleria.com\/wp-content\/uploads\/2019\/08\/Bayrol-Jimenez-Despues-de-la-fermentacion-solo-queda-el-pozo-2019-02.jpg 958w, https:\/\/paramogaleria.com\/wp-content\/uploads\/2019\/08\/Bayrol-Jimenez-Despues-de-la-fermentacion-solo-queda-el-pozo-2019-02-300x137.jpg 300w, https:\/\/paramogaleria.com\/wp-content\/uploads\/2019\/08\/Bayrol-Jimenez-Despues-de-la-fermentacion-solo-queda-el-pozo-2019-02-768x352.jpg 768w\" data-tf-sizes=\"(max-width: 958px) 100vw, 958px\" \/><noscript><img loading=\"lazy\" decoding=\"async\" width=\"958\" height=\"439\" data-tf-not-load src=\"https:\/\/paramogaleria.com\/wp-content\/uploads\/2019\/08\/Bayrol-Jimenez-Despues-de-la-fermentacion-solo-queda-el-pozo-2019-02.jpg\" class=\"wp-post-image wp-image-965\" title=\"Bayrol-Jimenez-Despues-de-la-fermentacion-solo-queda-el-pozo-2019-02\" alt=\"Bayrol Jim\u00e9nez - Despu\u00e9s de la fermentaci\u00f3n solo queda el pozo 2019.\" srcset=\"https:\/\/paramogaleria.com\/wp-content\/uploads\/2019\/08\/Bayrol-Jimenez-Despues-de-la-fermentacion-solo-queda-el-pozo-2019-02.jpg 958w, https:\/\/paramogaleria.com\/wp-content\/uploads\/2019\/08\/Bayrol-Jimenez-Despues-de-la-fermentacion-solo-queda-el-pozo-2019-02-300x137.jpg 300w, https:\/\/paramogaleria.com\/wp-content\/uploads\/2019\/08\/Bayrol-Jimenez-Despues-de-la-fermentacion-solo-queda-el-pozo-2019-02-768x352.jpg 768w\" sizes=\"auto, (max-width: 958px) 100vw, 958px\" \/><\/noscript>                            <\/div>\n                                                    <\/div><\/div>\n                                    <div class=\"tf_swiper-slide\" style=\"\">\n                        <div class=\"slide-inner-wrap\" style=\"margin-left:2px;margin-right:2px\">\n                            <div class=\"tf_lazy slide-image gallery-icon\">\n                            <img src=\"data:image\/svg+xml,%3Csvg%20xmlns=%27http:\/\/www.w3.org\/2000\/svg%27%20width='958'%20height='439'%20viewBox=%270%200%20958%20439%27%3E%3C\/svg%3E\" loading=\"lazy\" data-lazy=\"1\" data-tf-not-load=\"1\" style=\"background:linear-gradient(to right,#e5eaf0 25%,#eef2f5 25% 50%,#e2e5ec 50% 75%,#dcdcde 75%),linear-gradient(to right,#ebe6e3 25%,#eaeef1 25% 50%,#efbb68 50% 75%,#d6d5da 75%),linear-gradient(to right,#e6e2df 25%,#e1e2e7 25% 50%,#0f7fb1 50% 75%,#8b3c97 75%),linear-gradient(to right,#c6c0c2 25%,#ababad 25% 50%,#b3b2b8 50% 75%,#6e6371 75%)\" decoding=\"async\" width=\"958\" height=\"439\" data-tf-src=\"https:\/\/paramogaleria.com\/wp-content\/uploads\/2019\/08\/Bayrol-Jimenez-Despues-de-la-fermentacion-solo-queda-el-pozo-2019-07.jpg\" class=\"tf_svg_lazy wp-post-image wp-image-975\" title=\"Bayrol-Jimenez-Despues-de-la-fermentacion-solo-queda-el-pozo-2019-07\" alt=\"Bayrol Jim\u00e9nez - Despu\u00e9s de la fermentaci\u00f3n solo queda el pozo 2019.\" data-tf-srcset=\"https:\/\/paramogaleria.com\/wp-content\/uploads\/2019\/08\/Bayrol-Jimenez-Despues-de-la-fermentacion-solo-queda-el-pozo-2019-07.jpg 958w, https:\/\/paramogaleria.com\/wp-content\/uploads\/2019\/08\/Bayrol-Jimenez-Despues-de-la-fermentacion-solo-queda-el-pozo-2019-07-300x137.jpg 300w, https:\/\/paramogaleria.com\/wp-content\/uploads\/2019\/08\/Bayrol-Jimenez-Despues-de-la-fermentacion-solo-queda-el-pozo-2019-07-768x352.jpg 768w\" data-tf-sizes=\"(max-width: 958px) 100vw, 958px\" \/><noscript><img loading=\"lazy\" decoding=\"async\" width=\"958\" height=\"439\" data-tf-not-load src=\"https:\/\/paramogaleria.com\/wp-content\/uploads\/2019\/08\/Bayrol-Jimenez-Despues-de-la-fermentacion-solo-queda-el-pozo-2019-07.jpg\" class=\"wp-post-image wp-image-975\" title=\"Bayrol-Jimenez-Despues-de-la-fermentacion-solo-queda-el-pozo-2019-07\" alt=\"Bayrol Jim\u00e9nez - Despu\u00e9s de la fermentaci\u00f3n solo queda el pozo 2019.\" srcset=\"https:\/\/paramogaleria.com\/wp-content\/uploads\/2019\/08\/Bayrol-Jimenez-Despues-de-la-fermentacion-solo-queda-el-pozo-2019-07.jpg 958w, https:\/\/paramogaleria.com\/wp-content\/uploads\/2019\/08\/Bayrol-Jimenez-Despues-de-la-fermentacion-solo-queda-el-pozo-2019-07-300x137.jpg 300w, https:\/\/paramogaleria.com\/wp-content\/uploads\/2019\/08\/Bayrol-Jimenez-Despues-de-la-fermentacion-solo-queda-el-pozo-2019-07-768x352.jpg 768w\" sizes=\"auto, (max-width: 958px) 100vw, 958px\" \/><\/noscript>                            <\/div>\n                                                    <\/div><\/div>\n                                    <div class=\"tf_swiper-slide\" style=\"\">\n                        <div class=\"slide-inner-wrap\" style=\"margin-left:2px;margin-right:2px\">\n                            <div class=\"tf_lazy slide-image gallery-icon\">\n                            <img src=\"data:image\/svg+xml,%3Csvg%20xmlns=%27http:\/\/www.w3.org\/2000\/svg%27%20width='958'%20height='439'%20viewBox=%270%200%20958%20439%27%3E%3C\/svg%3E\" loading=\"lazy\" data-lazy=\"1\" data-tf-not-load=\"1\" style=\"background:linear-gradient(to right,#ecebf0 25%,#e37888 25% 50%,#5d6397 50% 75%,#eeedf2 75%),linear-gradient(to right,#ebeaef 25%,#d73193 25% 50%,#6c8d84 50% 75%,#ecebf0 75%),linear-gradient(to right,#e8e7ec 25%,#853e4c 25% 50%,#615141 50% 75%,#eae9ee 75%),linear-gradient(to right,#e7e5e8 25%,#e9e9eb 25% 50%,#eaeaec 50% 75%,#e8e7ec 75%)\" decoding=\"async\" width=\"958\" height=\"439\" data-tf-src=\"https:\/\/paramogaleria.com\/wp-content\/uploads\/2019\/08\/Bayrol-Jimenez-Despues-de-la-fermentacion-solo-queda-el-pozo-2019-09.jpg\" class=\"tf_svg_lazy wp-post-image wp-image-977\" title=\"Bayrol-Jimenez-Despues-de-la-fermentacion-solo-queda-el-pozo-2019-09\" alt=\"Bayrol Jim\u00e9nez - Despu\u00e9s de la fermentaci\u00f3n solo queda el pozo 2019.\" data-tf-srcset=\"https:\/\/paramogaleria.com\/wp-content\/uploads\/2019\/08\/Bayrol-Jimenez-Despues-de-la-fermentacion-solo-queda-el-pozo-2019-09.jpg 958w, https:\/\/paramogaleria.com\/wp-content\/uploads\/2019\/08\/Bayrol-Jimenez-Despues-de-la-fermentacion-solo-queda-el-pozo-2019-09-300x137.jpg 300w, https:\/\/paramogaleria.com\/wp-content\/uploads\/2019\/08\/Bayrol-Jimenez-Despues-de-la-fermentacion-solo-queda-el-pozo-2019-09-768x352.jpg 768w\" data-tf-sizes=\"(max-width: 958px) 100vw, 958px\" \/><noscript><img loading=\"lazy\" decoding=\"async\" width=\"958\" height=\"439\" data-tf-not-load src=\"https:\/\/paramogaleria.com\/wp-content\/uploads\/2019\/08\/Bayrol-Jimenez-Despues-de-la-fermentacion-solo-queda-el-pozo-2019-09.jpg\" class=\"wp-post-image wp-image-977\" title=\"Bayrol-Jimenez-Despues-de-la-fermentacion-solo-queda-el-pozo-2019-09\" alt=\"Bayrol Jim\u00e9nez - Despu\u00e9s de la fermentaci\u00f3n solo queda el pozo 2019.\" srcset=\"https:\/\/paramogaleria.com\/wp-content\/uploads\/2019\/08\/Bayrol-Jimenez-Despues-de-la-fermentacion-solo-queda-el-pozo-2019-09.jpg 958w, https:\/\/paramogaleria.com\/wp-content\/uploads\/2019\/08\/Bayrol-Jimenez-Despues-de-la-fermentacion-solo-queda-el-pozo-2019-09-300x137.jpg 300w, https:\/\/paramogaleria.com\/wp-content\/uploads\/2019\/08\/Bayrol-Jimenez-Despues-de-la-fermentacion-solo-queda-el-pozo-2019-09-768x352.jpg 768w\" sizes=\"auto, (max-width: 958px) 100vw, 958px\" \/><\/noscript>                            <\/div>\n                                                    <\/div><\/div>\n                                    <div class=\"tf_swiper-slide\" style=\"\">\n                        <div class=\"slide-inner-wrap\" style=\"margin-left:2px;margin-right:2px\">\n                            <div class=\"tf_lazy slide-image gallery-icon\">\n                            <img src=\"data:image\/svg+xml,%3Csvg%20xmlns=%27http:\/\/www.w3.org\/2000\/svg%27%20width='958'%20height='439'%20viewBox=%270%200%20958%20439%27%3E%3C\/svg%3E\" loading=\"lazy\" data-lazy=\"1\" data-tf-not-load=\"1\" style=\"background:linear-gradient(to right,#dddee3 25%,#e5e6ea 25% 50%,#e9eaec 50% 75%,#d5d7ca 75%),linear-gradient(to right,#d8d9de 25%,#e2e3e7 25% 50%,#e9eaee 50% 75%,#de6f64 75%),linear-gradient(to right,#878183 25%,#dfe0e4 25% 50%,#e6eaed 50% 75%,#eeeff3 75%),linear-gradient(to right,#817c82 25%,#dcc289 25% 50%,#e0e3e8 50% 75%,#e7ebee 75%)\" decoding=\"async\" width=\"958\" height=\"439\" data-tf-src=\"https:\/\/paramogaleria.com\/wp-content\/uploads\/2019\/08\/Bayrol-Jimenez-Despues-de-la-fermentacion-solo-queda-el-pozo-2019-15.jpg\" class=\"tf_svg_lazy wp-post-image wp-image-987\" title=\"Bayrol-Jimenez-Despues-de-la-fermentacion-solo-queda-el-pozo-2019-15\" alt=\"Bayrol Jim\u00e9nez - Despu\u00e9s de la fermentaci\u00f3n solo queda el pozo 2019.\" data-tf-srcset=\"https:\/\/paramogaleria.com\/wp-content\/uploads\/2019\/08\/Bayrol-Jimenez-Despues-de-la-fermentacion-solo-queda-el-pozo-2019-15.jpg 958w, https:\/\/paramogaleria.com\/wp-content\/uploads\/2019\/08\/Bayrol-Jimenez-Despues-de-la-fermentacion-solo-queda-el-pozo-2019-15-300x137.jpg 300w, https:\/\/paramogaleria.com\/wp-content\/uploads\/2019\/08\/Bayrol-Jimenez-Despues-de-la-fermentacion-solo-queda-el-pozo-2019-15-768x352.jpg 768w\" data-tf-sizes=\"(max-width: 958px) 100vw, 958px\" \/><noscript><img loading=\"lazy\" decoding=\"async\" width=\"958\" height=\"439\" data-tf-not-load src=\"https:\/\/paramogaleria.com\/wp-content\/uploads\/2019\/08\/Bayrol-Jimenez-Despues-de-la-fermentacion-solo-queda-el-pozo-2019-15.jpg\" class=\"wp-post-image wp-image-987\" title=\"Bayrol-Jimenez-Despues-de-la-fermentacion-solo-queda-el-pozo-2019-15\" alt=\"Bayrol Jim\u00e9nez - Despu\u00e9s de la fermentaci\u00f3n solo queda el pozo 2019.\" srcset=\"https:\/\/paramogaleria.com\/wp-content\/uploads\/2019\/08\/Bayrol-Jimenez-Despues-de-la-fermentacion-solo-queda-el-pozo-2019-15.jpg 958w, https:\/\/paramogaleria.com\/wp-content\/uploads\/2019\/08\/Bayrol-Jimenez-Despues-de-la-fermentacion-solo-queda-el-pozo-2019-15-300x137.jpg 300w, https:\/\/paramogaleria.com\/wp-content\/uploads\/2019\/08\/Bayrol-Jimenez-Despues-de-la-fermentacion-solo-queda-el-pozo-2019-15-768x352.jpg 768w\" sizes=\"auto, (max-width: 958px) 100vw, 958px\" \/><\/noscript>                            <\/div>\n                                                    <\/div><\/div>\n                                    <div class=\"tf_swiper-slide\" style=\"\">\n                        <div class=\"slide-inner-wrap\" style=\"margin-left:2px;margin-right:2px\">\n                            <div class=\"tf_lazy slide-image gallery-icon\">\n                            <img src=\"data:image\/svg+xml,%3Csvg%20xmlns=%27http:\/\/www.w3.org\/2000\/svg%27%20width='958'%20height='439'%20viewBox=%270%200%20958%20439%27%3E%3C\/svg%3E\" loading=\"lazy\" data-lazy=\"1\" data-tf-not-load=\"1\" style=\"background:linear-gradient(to right,#ecebf0 25%,#e9e7e8 25% 50%,#eceaeb 50% 75%,#e8e6e9 75%),linear-gradient(to right,#eae9ee 25%,#e4e2e3 25% 50%,#e8e6e9 50% 75%,#c69b6e 75%),linear-gradient(to right,#e7e6ec 25%,#e0dee1 25% 50%,#e3e1e4 50% 75%,#dbdbe3 75%),linear-gradient(to right,#e7c065 25%,#d8d6d9 25% 50%,#8e8a8b 50% 75%,#bbbac0 75%)\" decoding=\"async\" width=\"958\" height=\"439\" data-tf-src=\"https:\/\/paramogaleria.com\/wp-content\/uploads\/2019\/08\/Bayrol-Jimenez-Despues-de-la-fermentacion-solo-queda-el-pozo-2019-13.jpg\" class=\"tf_svg_lazy wp-post-image wp-image-985\" title=\"Bayrol-Jimenez-Despues-de-la-fermentacion-solo-queda-el-pozo-2019-13\" alt=\"Bayrol Jim\u00e9nez - Despu\u00e9s de la fermentaci\u00f3n solo queda el pozo 2019.\" data-tf-srcset=\"https:\/\/paramogaleria.com\/wp-content\/uploads\/2019\/08\/Bayrol-Jimenez-Despues-de-la-fermentacion-solo-queda-el-pozo-2019-13.jpg 958w, https:\/\/paramogaleria.com\/wp-content\/uploads\/2019\/08\/Bayrol-Jimenez-Despues-de-la-fermentacion-solo-queda-el-pozo-2019-13-300x137.jpg 300w, https:\/\/paramogaleria.com\/wp-content\/uploads\/2019\/08\/Bayrol-Jimenez-Despues-de-la-fermentacion-solo-queda-el-pozo-2019-13-768x352.jpg 768w\" data-tf-sizes=\"(max-width: 958px) 100vw, 958px\" \/><noscript><img loading=\"lazy\" decoding=\"async\" width=\"958\" height=\"439\" data-tf-not-load src=\"https:\/\/paramogaleria.com\/wp-content\/uploads\/2019\/08\/Bayrol-Jimenez-Despues-de-la-fermentacion-solo-queda-el-pozo-2019-13.jpg\" class=\"wp-post-image wp-image-985\" title=\"Bayrol-Jimenez-Despues-de-la-fermentacion-solo-queda-el-pozo-2019-13\" alt=\"Bayrol Jim\u00e9nez - Despu\u00e9s de la fermentaci\u00f3n solo queda el pozo 2019.\" srcset=\"https:\/\/paramogaleria.com\/wp-content\/uploads\/2019\/08\/Bayrol-Jimenez-Despues-de-la-fermentacion-solo-queda-el-pozo-2019-13.jpg 958w, https:\/\/paramogaleria.com\/wp-content\/uploads\/2019\/08\/Bayrol-Jimenez-Despues-de-la-fermentacion-solo-queda-el-pozo-2019-13-300x137.jpg 300w, https:\/\/paramogaleria.com\/wp-content\/uploads\/2019\/08\/Bayrol-Jimenez-Despues-de-la-fermentacion-solo-queda-el-pozo-2019-13-768x352.jpg 768w\" sizes=\"auto, (max-width: 958px) 100vw, 958px\" \/><\/noscript>                            <\/div>\n                                                    <\/div><\/div>\n                                    <div class=\"tf_swiper-slide\" style=\"display:none\">\n                        <div class=\"slide-inner-wrap\" style=\"margin-left:2px;margin-right:2px\">\n                            <div class=\"tf_lazy slide-image gallery-icon\">\n                            <img src=\"data:image\/svg+xml,%3Csvg%20xmlns=%27http:\/\/www.w3.org\/2000\/svg%27%20width='958'%20height='439'%20viewBox=%270%200%20958%20439%27%3E%3C\/svg%3E\" loading=\"lazy\" data-lazy=\"1\" data-tf-not-load=\"1\" style=\"background:linear-gradient(to right,#e4e2e5 25%,#eae8eb 25% 50%,#eceaeb 50% 75%,#ececee 75%),linear-gradient(to right,#dcd7db 25%,#e5e3e6 25% 50%,#efe6bb 50% 75%,#e8e8ea 75%),linear-gradient(to right,#d0cccd 25%,#dfdfe1 25% 50%,#01344f 50% 75%,#e3e2e7 75%),linear-gradient(to right,#bcbabd 25%,#d3d2d7 25% 50%,#d9d7da 50% 75%,#dcdadf 75%)\" decoding=\"async\" width=\"958\" height=\"439\" data-tf-src=\"https:\/\/paramogaleria.com\/wp-content\/uploads\/2019\/08\/Bayrol-Jimenez-Despues-de-la-fermentacion-solo-queda-el-pozo-2019-12.jpg\" class=\"tf_svg_lazy wp-post-image wp-image-983\" title=\"Bayrol-Jimenez-Despues-de-la-fermentacion-solo-queda-el-pozo-2019-12\" alt=\"Bayrol Jim\u00e9nez - Despu\u00e9s de la fermentaci\u00f3n solo queda el pozo 2019.\" data-tf-srcset=\"https:\/\/paramogaleria.com\/wp-content\/uploads\/2019\/08\/Bayrol-Jimenez-Despues-de-la-fermentacion-solo-queda-el-pozo-2019-12.jpg 958w, https:\/\/paramogaleria.com\/wp-content\/uploads\/2019\/08\/Bayrol-Jimenez-Despues-de-la-fermentacion-solo-queda-el-pozo-2019-12-300x137.jpg 300w, https:\/\/paramogaleria.com\/wp-content\/uploads\/2019\/08\/Bayrol-Jimenez-Despues-de-la-fermentacion-solo-queda-el-pozo-2019-12-768x352.jpg 768w\" data-tf-sizes=\"(max-width: 958px) 100vw, 958px\" \/><noscript><img loading=\"lazy\" decoding=\"async\" width=\"958\" height=\"439\" data-tf-not-load src=\"https:\/\/paramogaleria.com\/wp-content\/uploads\/2019\/08\/Bayrol-Jimenez-Despues-de-la-fermentacion-solo-queda-el-pozo-2019-12.jpg\" class=\"wp-post-image wp-image-983\" title=\"Bayrol-Jimenez-Despues-de-la-fermentacion-solo-queda-el-pozo-2019-12\" alt=\"Bayrol Jim\u00e9nez - Despu\u00e9s de la fermentaci\u00f3n solo queda el pozo 2019.\" srcset=\"https:\/\/paramogaleria.com\/wp-content\/uploads\/2019\/08\/Bayrol-Jimenez-Despues-de-la-fermentacion-solo-queda-el-pozo-2019-12.jpg 958w, https:\/\/paramogaleria.com\/wp-content\/uploads\/2019\/08\/Bayrol-Jimenez-Despues-de-la-fermentacion-solo-queda-el-pozo-2019-12-300x137.jpg 300w, https:\/\/paramogaleria.com\/wp-content\/uploads\/2019\/08\/Bayrol-Jimenez-Despues-de-la-fermentacion-solo-queda-el-pozo-2019-12-768x352.jpg 768w\" sizes=\"auto, (max-width: 958px) 100vw, 958px\" \/><\/noscript>                            <\/div>\n                                                    <\/div><\/div>\n                                    <div class=\"tf_swiper-slide\" style=\"display:none\">\n                        <div class=\"slide-inner-wrap\" style=\"margin-left:2px;margin-right:2px\">\n                            <div class=\"tf_lazy slide-image gallery-icon\">\n                            <img src=\"data:image\/svg+xml,%3Csvg%20xmlns=%27http:\/\/www.w3.org\/2000\/svg%27%20width='958'%20height='439'%20viewBox=%270%200%20958%20439%27%3E%3C\/svg%3E\" loading=\"lazy\" data-lazy=\"1\" data-tf-not-load=\"1\" style=\"background:linear-gradient(to right,#efedf2 25%,#eceaeb 25% 50%,#7dab9e 50% 75%,#eae8eb 75%),linear-gradient(to right,#2f3245 25%,#ebe7e8 25% 50%,#5e927c 50% 75%,#e9e8e6 75%),linear-gradient(to right,#423851 25%,#e6e2e3 25% 50%,#516b3c 50% 75%,#e7e3e4 75%),linear-gradient(to right,#586a6a 25%,#e1ddde 25% 50%,#0f5d67 50% 75%,#e3dfe0 75%)\" decoding=\"async\" width=\"958\" height=\"439\" data-tf-src=\"https:\/\/paramogaleria.com\/wp-content\/uploads\/2019\/08\/Bayrol-Jimenez-Despues-de-la-fermentacion-solo-queda-el-pozo-2019-11.jpg\" class=\"tf_svg_lazy wp-post-image wp-image-981\" title=\"Bayrol-Jimenez-Despues-de-la-fermentacion-solo-queda-el-pozo-2019-11\" alt=\"Bayrol Jim\u00e9nez - Despu\u00e9s de la fermentaci\u00f3n solo queda el pozo 2019.\" data-tf-srcset=\"https:\/\/paramogaleria.com\/wp-content\/uploads\/2019\/08\/Bayrol-Jimenez-Despues-de-la-fermentacion-solo-queda-el-pozo-2019-11.jpg 958w, https:\/\/paramogaleria.com\/wp-content\/uploads\/2019\/08\/Bayrol-Jimenez-Despues-de-la-fermentacion-solo-queda-el-pozo-2019-11-300x137.jpg 300w, https:\/\/paramogaleria.com\/wp-content\/uploads\/2019\/08\/Bayrol-Jimenez-Despues-de-la-fermentacion-solo-queda-el-pozo-2019-11-768x352.jpg 768w\" data-tf-sizes=\"(max-width: 958px) 100vw, 958px\" \/><noscript><img loading=\"lazy\" decoding=\"async\" width=\"958\" height=\"439\" data-tf-not-load src=\"https:\/\/paramogaleria.com\/wp-content\/uploads\/2019\/08\/Bayrol-Jimenez-Despues-de-la-fermentacion-solo-queda-el-pozo-2019-11.jpg\" class=\"wp-post-image wp-image-981\" title=\"Bayrol-Jimenez-Despues-de-la-fermentacion-solo-queda-el-pozo-2019-11\" alt=\"Bayrol Jim\u00e9nez - Despu\u00e9s de la fermentaci\u00f3n solo queda el pozo 2019.\" srcset=\"https:\/\/paramogaleria.com\/wp-content\/uploads\/2019\/08\/Bayrol-Jimenez-Despues-de-la-fermentacion-solo-queda-el-pozo-2019-11.jpg 958w, https:\/\/paramogaleria.com\/wp-content\/uploads\/2019\/08\/Bayrol-Jimenez-Despues-de-la-fermentacion-solo-queda-el-pozo-2019-11-300x137.jpg 300w, https:\/\/paramogaleria.com\/wp-content\/uploads\/2019\/08\/Bayrol-Jimenez-Despues-de-la-fermentacion-solo-queda-el-pozo-2019-11-768x352.jpg 768w\" sizes=\"auto, (max-width: 958px) 100vw, 958px\" \/><\/noscript>                            <\/div>\n                                                    <\/div><\/div>\n                                    <div class=\"tf_swiper-slide\" style=\"display:none\">\n                        <div class=\"slide-inner-wrap\" style=\"margin-left:2px;margin-right:2px\">\n                            <div class=\"tf_lazy slide-image gallery-icon\">\n                            <img src=\"data:image\/svg+xml,%3Csvg%20xmlns=%27http:\/\/www.w3.org\/2000\/svg%27%20width='958'%20height='439'%20viewBox=%270%200%20958%20439%27%3E%3C\/svg%3E\" loading=\"lazy\" data-lazy=\"1\" data-tf-not-load=\"1\" style=\"background:linear-gradient(to right,#d3cdd1 25%,#ddd9da 25% 50%,#e3e2e7 50% 75%,#e1e0e6 75%),linear-gradient(to right,#b19d7c 25%,#dbd7d8 25% 50%,#e9e5e4 50% 75%,#e3e1e2 75%),linear-gradient(to right,#efcfba 25%,#d9d5d6 25% 50%,#ded9dd 50% 75%,#dbd9de 75%),linear-gradient(to right,#c7c1c3 25%,#d4d0d1 25% 50%,#d9d5d6 50% 75%,#d7d5da 75%)\" decoding=\"async\" width=\"958\" height=\"439\" data-tf-src=\"https:\/\/paramogaleria.com\/wp-content\/uploads\/2019\/08\/Bayrol-Jimenez-Despues-de-la-fermentacion-solo-queda-el-pozo-2019-10.jpg\" class=\"tf_svg_lazy wp-post-image wp-image-979\" title=\"Bayrol-Jimenez-Despues-de-la-fermentacion-solo-queda-el-pozo-2019-10\" alt=\"Bayrol Jim\u00e9nez - Despu\u00e9s de la fermentaci\u00f3n solo queda el pozo 2019.\" data-tf-srcset=\"https:\/\/paramogaleria.com\/wp-content\/uploads\/2019\/08\/Bayrol-Jimenez-Despues-de-la-fermentacion-solo-queda-el-pozo-2019-10.jpg 958w, https:\/\/paramogaleria.com\/wp-content\/uploads\/2019\/08\/Bayrol-Jimenez-Despues-de-la-fermentacion-solo-queda-el-pozo-2019-10-300x137.jpg 300w, https:\/\/paramogaleria.com\/wp-content\/uploads\/2019\/08\/Bayrol-Jimenez-Despues-de-la-fermentacion-solo-queda-el-pozo-2019-10-768x352.jpg 768w\" data-tf-sizes=\"(max-width: 958px) 100vw, 958px\" \/><noscript><img loading=\"lazy\" decoding=\"async\" width=\"958\" height=\"439\" data-tf-not-load src=\"https:\/\/paramogaleria.com\/wp-content\/uploads\/2019\/08\/Bayrol-Jimenez-Despues-de-la-fermentacion-solo-queda-el-pozo-2019-10.jpg\" class=\"wp-post-image wp-image-979\" title=\"Bayrol-Jimenez-Despues-de-la-fermentacion-solo-queda-el-pozo-2019-10\" alt=\"Bayrol Jim\u00e9nez - Despu\u00e9s de la fermentaci\u00f3n solo queda el pozo 2019.\" srcset=\"https:\/\/paramogaleria.com\/wp-content\/uploads\/2019\/08\/Bayrol-Jimenez-Despues-de-la-fermentacion-solo-queda-el-pozo-2019-10.jpg 958w, https:\/\/paramogaleria.com\/wp-content\/uploads\/2019\/08\/Bayrol-Jimenez-Despues-de-la-fermentacion-solo-queda-el-pozo-2019-10-300x137.jpg 300w, https:\/\/paramogaleria.com\/wp-content\/uploads\/2019\/08\/Bayrol-Jimenez-Despues-de-la-fermentacion-solo-queda-el-pozo-2019-10-768x352.jpg 768w\" sizes=\"auto, (max-width: 958px) 100vw, 958px\" \/><\/noscript>                            <\/div>\n                                                    <\/div><\/div>\n                                    <div class=\"tf_swiper-slide\" style=\"display:none\">\n                        <div class=\"slide-inner-wrap\" style=\"margin-left:2px;margin-right:2px\">\n                            <div class=\"tf_lazy slide-image gallery-icon\">\n                            <img src=\"data:image\/svg+xml,%3Csvg%20xmlns=%27http:\/\/www.w3.org\/2000\/svg%27%20width='958'%20height='439'%20viewBox=%270%200%20958%20439%27%3E%3C\/svg%3E\" loading=\"lazy\" data-lazy=\"1\" data-tf-not-load=\"1\" style=\"background:linear-gradient(to right,#ebeaef 25%,#e9e7ea 25% 50%,#eae8eb 50% 75%,#ebeaef 75%),linear-gradient(to right,#3f2d43 25%,#e8e4e5 25% 50%,#1c2898 50% 75%,#cdd7d9 75%),linear-gradient(to right,#533e65 25%,#dedad9 25% 50%,#ded9d6 50% 75%,#5c4154 75%),linear-gradient(to right,#cbcad0 25%,#c3c2c8 25% 50%,#aba7b5 50% 75%,#a4895a 75%)\" decoding=\"async\" width=\"958\" height=\"439\" data-tf-src=\"https:\/\/paramogaleria.com\/wp-content\/uploads\/2019\/08\/Bayrol-Jimenez-Despues-de-la-fermentacion-solo-queda-el-pozo-2019-01.jpg\" class=\"tf_svg_lazy wp-post-image wp-image-963\" title=\"Bayrol-Jimenez-Despues-de-la-fermentacion-solo-queda-el-pozo-2019-01\" alt=\"Bayrol Jim\u00e9nez - Despu\u00e9s de la fermentaci\u00f3n solo queda el pozo 2019.\" data-tf-srcset=\"https:\/\/paramogaleria.com\/wp-content\/uploads\/2019\/08\/Bayrol-Jimenez-Despues-de-la-fermentacion-solo-queda-el-pozo-2019-01.jpg 958w, https:\/\/paramogaleria.com\/wp-content\/uploads\/2019\/08\/Bayrol-Jimenez-Despues-de-la-fermentacion-solo-queda-el-pozo-2019-01-300x137.jpg 300w, https:\/\/paramogaleria.com\/wp-content\/uploads\/2019\/08\/Bayrol-Jimenez-Despues-de-la-fermentacion-solo-queda-el-pozo-2019-01-768x352.jpg 768w\" data-tf-sizes=\"(max-width: 958px) 100vw, 958px\" \/><noscript><img loading=\"lazy\" decoding=\"async\" width=\"958\" height=\"439\" data-tf-not-load src=\"https:\/\/paramogaleria.com\/wp-content\/uploads\/2019\/08\/Bayrol-Jimenez-Despues-de-la-fermentacion-solo-queda-el-pozo-2019-01.jpg\" class=\"wp-post-image wp-image-963\" title=\"Bayrol-Jimenez-Despues-de-la-fermentacion-solo-queda-el-pozo-2019-01\" alt=\"Bayrol Jim\u00e9nez - Despu\u00e9s de la fermentaci\u00f3n solo queda el pozo 2019.\" srcset=\"https:\/\/paramogaleria.com\/wp-content\/uploads\/2019\/08\/Bayrol-Jimenez-Despues-de-la-fermentacion-solo-queda-el-pozo-2019-01.jpg 958w, https:\/\/paramogaleria.com\/wp-content\/uploads\/2019\/08\/Bayrol-Jimenez-Despues-de-la-fermentacion-solo-queda-el-pozo-2019-01-300x137.jpg 300w, https:\/\/paramogaleria.com\/wp-content\/uploads\/2019\/08\/Bayrol-Jimenez-Despues-de-la-fermentacion-solo-queda-el-pozo-2019-01-768x352.jpg 768w\" sizes=\"auto, (max-width: 958px) 100vw, 958px\" \/><\/noscript>                            <\/div>\n                                                    <\/div><\/div>\n                            <\/div>\n        <\/div>\n        <\/div>\n<!-- \/module gallery -->        <\/div>\n                        <\/div>\n        <\/div>\n                        <div  data-lazy=\"1\" class=\"module_row themify_builder_row tb_56hy500 tf_w\">\n                        <div class=\"row_inner col_align_top tb_col_count_2 tf_box tf_rel\">\n                        <div  data-lazy=\"1\" class=\"module_column tb-column col3-1 tb_oovo705 first\">\n                    <!-- module text -->\n<div  class=\"module module-text tb_sx1v650   \" data-lazy=\"1\">\n        <div  class=\"tb_text_wrap\">\n        <h2>DESPU\u00c9S DE LA FERMENTACI\u00d3N S\u00d3LO QUEDA EL POZO<\/h2>    <\/div>\n<\/div>\n<!-- \/module text --><!-- module text -->\n<div  class=\"module module-text tb_4fvd000   \" data-lazy=\"1\">\n        <div  class=\"tb_text_wrap\">\n        <p>Bayrol Jim\u00e9nez<br \/>August 29 \u00b7 2019 | October 11 \u00b7 2019<\/p>    <\/div>\n<\/div>\n<!-- \/module text --><!-- module text -->\n<div  class=\"module module-text tb_gadm551 artist_menu_downloads  \" data-lazy=\"1\">\n        <div  class=\"tb_text_wrap\">\n        <p><a href=\"https:\/\/paramogaleria.com\/en\/despues-de-la-fermentacion-solo-queda-el-pozo\/\">EXHIBITION VIEWS<\/a><\/p>\r\n<p><a href=\"https:\/\/paramogaleria.com\/en\/despues-de-la-fermentacion-solo-queda-el-pozo-press\/\">PRESS RELEASE<\/a><\/p>\r\n<p><a href=\"https:\/\/paramogaleria.com\/en\/bayrol-jimenez-artwork\/\">ARTIST<\/a><\/p>\r\n<h5> Downloads:<\/h5>\r\n<p><a href=\"https:\/\/paramogaleria.com\/wp-content\/uploads\/2019\/08\/Bayrol-Jimenez-Despues-de-la-fermentacion-solo-queda-el-pozo-2019-Press-EN.pdf\" target=\"_blank\" rel=\"noopener\">Press Release<\/a><\/p>\r\n<p><a href=\"https:\/\/paramogaleria.com\/wp-content\/uploads\/2019\/08\/Preview-Bayrol-Jimenez-Despues-de-la-fermentacion-solo-queda-el-pozo-2019-2019-EN.pdf\" target=\"_blank\" rel=\"noopener\">Preview<\/a><\/p>    <\/div>\n<\/div>\n<!-- \/module text --><!-- module buttons -->\n<div  class=\"module module-buttons tb_n8yz000 buttons-horizontal solid  squared\" data-lazy=\"1\">\n        <div class=\"module-buttons-item tf_in_flx\">\n                        <a href=\"\/exhibitions-archive\/\" class=\"ui builder_button tf_in_flx tb_default_color\" >\n                                                BACK                                        <\/a>\n                <\/div>\n            <\/div>\n<!-- \/module buttons -->\n        <\/div>\n                    <div  data-lazy=\"1\" class=\"module_column tb-column col3-2 tb_cm5l577 last\">\n                    <!-- module text -->\n<div  class=\"module module-text tb_3sm5573 bio_artista  \" data-lazy=\"1\">\n        <div  class=\"tb_text_wrap\">\n        <h2>Bayrol Jim\u00e9nez: Despu\u00e9s de la fermentaci\u00f3n s\u00f3lo queda el pozo August 29, 2019 | October 11, 2019<\/h2>\n<h3>Opening: Thursday, August 29, 2019, 8:00 pm<\/h3>\n<p>P\u00e1ramo presents the program of exhibitions curated and selected by Daniel Guzm\u00e1n entitled\u00a0<i>Impasse<\/i>. A program designed to activate and strengthen the relationship with the local scene through a selection of artists, national and international, who in some way or another develop their work in Mexico.\u00a0<\/p>\n<div><span style=\"background-color: initial;\">\u00a0<\/span><\/div>\n<div><span style=\"background-color: initial;\">\u00a0\u201cWith the exhibitions\u00a0<\/span><i style=\"background-color: initial;\">Despu\u00e9s de la fermentaci\u00f3n s\u00f3lo queda el pozo\u00a0<\/i><span style=\"background-color: initial;\">of Bayrol Jim\u00e9nez and\u00a0<\/span><i style=\"background-color: initial;\">OVERDRESSED\u00a0<\/i><span style=\"background-color: initial;\">of Edgar Cobi\u00e1n, P\u00e1ramo activates its activity in the city. These samples are the beginning of a series of projects that I have selected under the name of\u00a0<\/span><i style=\"background-color: initial;\">Impasse\u00a0<\/i><span style=\"background-color: initial;\">to be presented at the gallery during the 2019 and 2020 program.\u00a0<\/span><\/div>\n<div><span style=\"background-color: initial;\">\u00a0<\/span><\/div>\n<div><span style=\"background-color: initial;\">&#8220;It is necessary, as I have noted at other times, that the city of Guadalajara has a space to exhibit local, national and international contemporary art, with interesting and purposeful proposals, to offer a professional space, open to dialogue, with different creators of the local scene, and with artists who are already part of the gallery program.\u201d\u00a0<\/span><\/div>\n<div><span style=\"background-color: initial;\">\u00a0<\/span><\/div>\n<div><span style=\"background-color: initial;\">\u00a0\u2014Daniel Guzm\u00e1n, Guadalajara, Jalisco, August 2019.\u00a0<\/span><\/div>\n<div><i style=\"background-color: initial;\">\u00a0<\/i><\/div>\n<div><i style=\"background-color: initial;\">Despu\u00e9s de la fermentaci\u00f3n s\u00f3lo queda el pozo<\/i><span style=\"background-color: initial;\">, by Bayrol Jim\u00e9nez, is the artist\u2019s first individual exhibition in P\u00e1ramo Guadalajara, and one of the first two samples of the gallery\u2019s 2019-2020 program. The exhibition shows the artist\u2019s exploration of the creative capacity from memory to the transformation of the object into drawing, painting or installation.\u00a0<\/span><\/div>\n<div><strong style=\"background-color: initial;\">\u00a0<\/strong><\/div>\n<div><strong style=\"background-color: initial;\">&#8220;Create through cancellation, blur errors and work in dead ends. Return, reverse, trim and recycle. Create a great collage from the ghosts of memory and the physical plane that is the experience: gestures, drills, regrets.&#8221;<\/strong><span style=\"background-color: initial;\">\u00a0<\/span><\/div>\n<div><strong style=\"background-color: initial;\"><em>\u00a0<\/em><\/strong><\/div>\n<div><strong style=\"background-color: initial;\"><em>\u2014Bayrol Jim\u00e9nez<\/em><\/strong><span style=\"background-color: initial;\">\u00a0<\/span><\/div>\n<div><span style=\"background-color: initial;\">\u00a0<\/span><\/div>\n<div><span style=\"background-color: initial;\">John Berger has a text about drawing that says: \u201cdrawing from memory is to force deep in your own content of past observations\u201d. This was the basis from where Bayrol started to conceived the body of work. Ideas as how things work in a blind space (something like the space in a paper before drawing, or the white sheet waiting for a word), or if we take away the subject or theme and start by choosing those strange spots that we see when we close our eyes.\u00a0<\/span><\/div>\n<div><span style=\"background-color: initial;\">\u00a0<\/span><\/div>\n<div><span style=\"background-color: initial;\">Using Henri Bergson\u2019s idea of a dream and memory as a sort of collage of things that we observed, all the works became matter for recycling.\u00a0<\/span><\/div>\n<div><span style=\"background-color: initial;\">\u00a0<\/span><\/div>\n<div><span style=\"background-color: initial;\">The result as Jim\u00e9nez explains is that all the works started talking to each other, no matter the moment that were made or the technique he used. The works just mixed, so he cut many of them and made several collages. At the end he made several compositions, from the beginning to the very end, playing along with the formats between colors and empty spaces, creating a unique and complex composition.<\/span>\n<div>\n<h3>\u00a0<\/h3>\n<h3>About the artist<\/h3>\n<div>\u00a0<\/div>\nThe practice of Bayrol Jim\u00e9nez (Oaxaca, Mexico, 1984) seeks to show experiences within drawing, painting or installation. This is conceived based on two ideas of memory. First as a space where the memories of images are not true to reality but work as a kind of collage of everything lived, small cuts that blend with each other. Second, the physical memory of the draftsman acquired through the practice of drawing through the eyes, the hand, the fingers, or the whole body, are only experience focused on processes that are transformed, under the philosophical concept of Emile Cioran, into simulations and waste.\u00a0<\/div>\n<div>\u00a0<\/div>\n<div>Bayrol studied at the National School of Painting, Sculpture and Engraving,\u00a0<i>La Esmerald<\/i>a and at the\u00a0<i>Villa Arson<\/i>\u00a0National Superior School of Art in Nice, France. He has made several international individual and collective exhibitions in Germany, Brazil, France, Canada, Mexico, among others. Jim\u00e9nez has been an artist in residence in various spaces such as the Foundry Darling, Montreal, Canada, 2019; and\u00a0<i>SeMA Nanji<\/i>, Seoul Museum, South Korea, 2017. His work is part of various private international collections, including the Asante Collection, Switzerland; Kadist Collection, San Francisco, USA; Luciano Benneton Collection, Italy and Freek Lomme Collection, The Netherlands.\u00a0<\/div>\n<div>\u00a0<\/div>\n<div>For further information, please contact: media@paramogaleria.com \/ +52 33 3825 0921.\u00a0<\/div>\n<div>\u00a0<\/div>\n<div>Press enquiries:\u00a0media@paramogaleria.com \/ +52 33 3825 0921.\u00a0<\/div>\n<div>\u00a0<\/div>\n<div>P\u00e1ramo would like to extend its gratitude to Tequila 1800 Cristalino and Cerveza Minerva for their collaborative support.\u00a0<\/div>\n<div>\u00a0<\/div>\n<div>TAGS: #BayrolJim\u00e9nez #Despuesdelafermentacion\u200b #Paramo<\/div>\n<\/div>    <\/div>\n<\/div>\n<!-- \/module text -->        <\/div>\n                        <\/div>\n        <\/div>\n        <\/div>\n<!--\/themify_builder_content-->","protected":false},"excerpt":{"rendered":"<p>August 29 \u00b7 2019 | October 11 \u00b7 2019<\/p>\n","protected":false},"author":2,"featured_media":991,"comment_status":"closed","ping_status":"closed","sticky":false,"template":"","format":"standard","meta":{"footnotes":""},"categories":[60],"tags":[],"class_list":["post-1504","post","type-post","status-publish","format-standard","has-post-thumbnail","hentry","category-press-releases","has-post-title","has-post-date","has-post-category","has-post-tag","has-post-comment","has-post-author",""],"yoast_head":"<!-- This site is optimized with the Yoast SEO plugin v24.2 - https:\/\/yoast.com\/wordpress\/plugins\/seo\/ -->\n<title>DESPU\u00c9S DE LA FERMENTACI\u00d3N S\u00d3LO QUEDA EL POZO - Press - P\u00e1ramo<\/title>\n<meta name=\"robots\" content=\"index, follow, max-snippet:-1, max-image-preview:large, max-video-preview:-1\" \/>\n<link rel=\"canonical\" href=\"https:\/\/paramogaleria.com\/en\/despues-de-la-fermentacion-solo-queda-el-pozo-press\/\" \/>\n<meta property=\"og:locale\" content=\"en_US\" \/>\n<meta property=\"og:type\" content=\"article\" \/>\n<meta property=\"og:title\" content=\"DESPU\u00c9S DE LA FERMENTACI\u00d3N S\u00d3LO QUEDA EL POZO - Press - P\u00e1ramo\" \/>\n<meta property=\"og:description\" content=\"August 29 \u00b7 2019 | October 11 \u00b7 2019\" \/>\n<meta property=\"og:url\" content=\"https:\/\/paramogaleria.com\/en\/despues-de-la-fermentacion-solo-queda-el-pozo-press\/\" \/>\n<meta property=\"og:site_name\" content=\"P\u00e1ramo\" \/>\n<meta property=\"article:published_time\" content=\"2019-08-01T02:00:36+00:00\" \/>\n<meta property=\"article:modified_time\" content=\"2022-03-09T08:02:19+00:00\" \/>\n<meta property=\"og:image\" content=\"https:\/\/paramogaleria.com\/wp-content\/uploads\/2019\/08\/Bayrol-Jimenez-Despues-de-la-fermentacion-solo-queda-el-pozo-2019-Archivo.jpg\" \/>\n\t<meta property=\"og:image:width\" content=\"248\" \/>\n\t<meta property=\"og:image:height\" content=\"198\" \/>\n\t<meta property=\"og:image:type\" content=\"image\/jpeg\" \/>\n<meta name=\"author\" content=\"ramoparadmin\" \/>\n<meta name=\"twitter:card\" content=\"summary_large_image\" \/>\n<meta name=\"twitter:label1\" content=\"Written by\" \/>\n\t<meta name=\"twitter:data1\" content=\"ramoparadmin\" \/>\n\t<meta name=\"twitter:label2\" content=\"Est. reading time\" \/>\n\t<meta name=\"twitter:data2\" content=\"4 minutes\" \/>\n<script type=\"application\/ld+json\" class=\"yoast-schema-graph\">{\"@context\":\"https:\/\/schema.org\",\"@graph\":[{\"@type\":\"WebPage\",\"@id\":\"https:\/\/paramogaleria.com\/en\/despues-de-la-fermentacion-solo-queda-el-pozo-press\/\",\"url\":\"https:\/\/paramogaleria.com\/en\/despues-de-la-fermentacion-solo-queda-el-pozo-press\/\",\"name\":\"DESPU\u00c9S DE LA FERMENTACI\u00d3N S\u00d3LO QUEDA EL POZO - Press - P\u00e1ramo\",\"isPartOf\":{\"@id\":\"https:\/\/paramogaleria.com\/en\/#website\"},\"primaryImageOfPage\":{\"@id\":\"https:\/\/paramogaleria.com\/en\/despues-de-la-fermentacion-solo-queda-el-pozo-press\/#primaryimage\"},\"image\":{\"@id\":\"https:\/\/paramogaleria.com\/en\/despues-de-la-fermentacion-solo-queda-el-pozo-press\/#primaryimage\"},\"thumbnailUrl\":\"https:\/\/paramogaleria.com\/wp-content\/uploads\/2019\/08\/Bayrol-Jimenez-Despues-de-la-fermentacion-solo-queda-el-pozo-2019-Archivo.jpg\",\"datePublished\":\"2019-08-01T02:00:36+00:00\",\"dateModified\":\"2022-03-09T08:02:19+00:00\",\"author\":{\"@id\":\"https:\/\/paramogaleria.com\/en\/#\/schema\/person\/5010fb9c6ecba6fd9fd566c903d0013e\"},\"breadcrumb\":{\"@id\":\"https:\/\/paramogaleria.com\/en\/despues-de-la-fermentacion-solo-queda-el-pozo-press\/#breadcrumb\"},\"inLanguage\":\"en-US\",\"potentialAction\":[{\"@type\":\"ReadAction\",\"target\":[\"https:\/\/paramogaleria.com\/en\/despues-de-la-fermentacion-solo-queda-el-pozo-press\/\"]}]},{\"@type\":\"ImageObject\",\"inLanguage\":\"en-US\",\"@id\":\"https:\/\/paramogaleria.com\/en\/despues-de-la-fermentacion-solo-queda-el-pozo-press\/#primaryimage\",\"url\":\"https:\/\/paramogaleria.com\/wp-content\/uploads\/2019\/08\/Bayrol-Jimenez-Despues-de-la-fermentacion-solo-queda-el-pozo-2019-Archivo.jpg\",\"contentUrl\":\"https:\/\/paramogaleria.com\/wp-content\/uploads\/2019\/08\/Bayrol-Jimenez-Despues-de-la-fermentacion-solo-queda-el-pozo-2019-Archivo.jpg\",\"width\":248,\"height\":198,\"caption\":\"Bayrol Jim\u00e9nez - Despu\u00e9s de la fermentaci\u00f3n solo queda el pozo 2019.\"},{\"@type\":\"BreadcrumbList\",\"@id\":\"https:\/\/paramogaleria.com\/en\/despues-de-la-fermentacion-solo-queda-el-pozo-press\/#breadcrumb\",\"itemListElement\":[{\"@type\":\"ListItem\",\"position\":1,\"name\":\"Portada\",\"item\":\"https:\/\/paramogaleria.com\/en\/\"},{\"@type\":\"ListItem\",\"position\":2,\"name\":\"DESPU\u00c9S DE LA FERMENTACI\u00d3N S\u00d3LO QUEDA EL POZO &#8211; Press\"}]},{\"@type\":\"WebSite\",\"@id\":\"https:\/\/paramogaleria.com\/en\/#website\",\"url\":\"https:\/\/paramogaleria.com\/en\/\",\"name\":\"P\u00e1ramo\",\"description\":\"Galer\u00eda\",\"potentialAction\":[{\"@type\":\"SearchAction\",\"target\":{\"@type\":\"EntryPoint\",\"urlTemplate\":\"https:\/\/paramogaleria.com\/en\/?s={search_term_string}\"},\"query-input\":{\"@type\":\"PropertyValueSpecification\",\"valueRequired\":true,\"valueName\":\"search_term_string\"}}],\"inLanguage\":\"en-US\"},{\"@type\":\"Person\",\"@id\":\"https:\/\/paramogaleria.com\/en\/#\/schema\/person\/5010fb9c6ecba6fd9fd566c903d0013e\",\"name\":\"ramoparadmin\",\"image\":{\"@type\":\"ImageObject\",\"inLanguage\":\"en-US\",\"@id\":\"https:\/\/paramogaleria.com\/en\/#\/schema\/person\/image\/\",\"url\":\"https:\/\/secure.gravatar.com\/avatar\/f0e2d1fc01ac98fe842749657eaa45ec0df66ed605ccb8f6ece3012942796079?s=96&d=mm&r=g\",\"contentUrl\":\"https:\/\/secure.gravatar.com\/avatar\/f0e2d1fc01ac98fe842749657eaa45ec0df66ed605ccb8f6ece3012942796079?s=96&d=mm&r=g\",\"caption\":\"ramoparadmin\"},\"sameAs\":[\"https:\/\/paramogaleria.com\"],\"url\":\"https:\/\/paramogaleria.com\/en\/author\/ramoparadmin\/\"}]}<\/script>\n<!-- \/ Yoast SEO plugin. -->","yoast_head_json":{"title":"DESPU\u00c9S DE LA FERMENTACI\u00d3N S\u00d3LO QUEDA EL POZO - Press - P\u00e1ramo","robots":{"index":"index","follow":"follow","max-snippet":"max-snippet:-1","max-image-preview":"max-image-preview:large","max-video-preview":"max-video-preview:-1"},"canonical":"https:\/\/paramogaleria.com\/en\/despues-de-la-fermentacion-solo-queda-el-pozo-press\/","og_locale":"en_US","og_type":"article","og_title":"DESPU\u00c9S DE LA FERMENTACI\u00d3N S\u00d3LO QUEDA EL POZO - Press - P\u00e1ramo","og_description":"August 29 \u00b7 2019 | October 11 \u00b7 2019","og_url":"https:\/\/paramogaleria.com\/en\/despues-de-la-fermentacion-solo-queda-el-pozo-press\/","og_site_name":"P\u00e1ramo","article_published_time":"2019-08-01T02:00:36+00:00","article_modified_time":"2022-03-09T08:02:19+00:00","og_image":[{"width":248,"height":198,"url":"https:\/\/paramogaleria.com\/wp-content\/uploads\/2019\/08\/Bayrol-Jimenez-Despues-de-la-fermentacion-solo-queda-el-pozo-2019-Archivo.jpg","type":"image\/jpeg"}],"author":"ramoparadmin","twitter_card":"summary_large_image","twitter_misc":{"Written by":"ramoparadmin","Est. reading time":"4 minutes"},"schema":{"@context":"https:\/\/schema.org","@graph":[{"@type":"WebPage","@id":"https:\/\/paramogaleria.com\/en\/despues-de-la-fermentacion-solo-queda-el-pozo-press\/","url":"https:\/\/paramogaleria.com\/en\/despues-de-la-fermentacion-solo-queda-el-pozo-press\/","name":"DESPU\u00c9S DE LA FERMENTACI\u00d3N S\u00d3LO QUEDA EL POZO - Press - P\u00e1ramo","isPartOf":{"@id":"https:\/\/paramogaleria.com\/en\/#website"},"primaryImageOfPage":{"@id":"https:\/\/paramogaleria.com\/en\/despues-de-la-fermentacion-solo-queda-el-pozo-press\/#primaryimage"},"image":{"@id":"https:\/\/paramogaleria.com\/en\/despues-de-la-fermentacion-solo-queda-el-pozo-press\/#primaryimage"},"thumbnailUrl":"https:\/\/paramogaleria.com\/wp-content\/uploads\/2019\/08\/Bayrol-Jimenez-Despues-de-la-fermentacion-solo-queda-el-pozo-2019-Archivo.jpg","datePublished":"2019-08-01T02:00:36+00:00","dateModified":"2022-03-09T08:02:19+00:00","author":{"@id":"https:\/\/paramogaleria.com\/en\/#\/schema\/person\/5010fb9c6ecba6fd9fd566c903d0013e"},"breadcrumb":{"@id":"https:\/\/paramogaleria.com\/en\/despues-de-la-fermentacion-solo-queda-el-pozo-press\/#breadcrumb"},"inLanguage":"en-US","potentialAction":[{"@type":"ReadAction","target":["https:\/\/paramogaleria.com\/en\/despues-de-la-fermentacion-solo-queda-el-pozo-press\/"]}]},{"@type":"ImageObject","inLanguage":"en-US","@id":"https:\/\/paramogaleria.com\/en\/despues-de-la-fermentacion-solo-queda-el-pozo-press\/#primaryimage","url":"https:\/\/paramogaleria.com\/wp-content\/uploads\/2019\/08\/Bayrol-Jimenez-Despues-de-la-fermentacion-solo-queda-el-pozo-2019-Archivo.jpg","contentUrl":"https:\/\/paramogaleria.com\/wp-content\/uploads\/2019\/08\/Bayrol-Jimenez-Despues-de-la-fermentacion-solo-queda-el-pozo-2019-Archivo.jpg","width":248,"height":198,"caption":"Bayrol Jim\u00e9nez - Despu\u00e9s de la fermentaci\u00f3n solo queda el pozo 2019."},{"@type":"BreadcrumbList","@id":"https:\/\/paramogaleria.com\/en\/despues-de-la-fermentacion-solo-queda-el-pozo-press\/#breadcrumb","itemListElement":[{"@type":"ListItem","position":1,"name":"Portada","item":"https:\/\/paramogaleria.com\/en\/"},{"@type":"ListItem","position":2,"name":"DESPU\u00c9S DE LA FERMENTACI\u00d3N S\u00d3LO QUEDA EL POZO &#8211; Press"}]},{"@type":"WebSite","@id":"https:\/\/paramogaleria.com\/en\/#website","url":"https:\/\/paramogaleria.com\/en\/","name":"P\u00e1ramo","description":"Galer\u00eda","potentialAction":[{"@type":"SearchAction","target":{"@type":"EntryPoint","urlTemplate":"https:\/\/paramogaleria.com\/en\/?s={search_term_string}"},"query-input":{"@type":"PropertyValueSpecification","valueRequired":true,"valueName":"search_term_string"}}],"inLanguage":"en-US"},{"@type":"Person","@id":"https:\/\/paramogaleria.com\/en\/#\/schema\/person\/5010fb9c6ecba6fd9fd566c903d0013e","name":"ramoparadmin","image":{"@type":"ImageObject","inLanguage":"en-US","@id":"https:\/\/paramogaleria.com\/en\/#\/schema\/person\/image\/","url":"https:\/\/secure.gravatar.com\/avatar\/f0e2d1fc01ac98fe842749657eaa45ec0df66ed605ccb8f6ece3012942796079?s=96&d=mm&r=g","contentUrl":"https:\/\/secure.gravatar.com\/avatar\/f0e2d1fc01ac98fe842749657eaa45ec0df66ed605ccb8f6ece3012942796079?s=96&d=mm&r=g","caption":"ramoparadmin"},"sameAs":["https:\/\/paramogaleria.com"],"url":"https:\/\/paramogaleria.com\/en\/author\/ramoparadmin\/"}]}},"_links":{"self":[{"href":"https:\/\/paramogaleria.com\/en\/wp-json\/wp\/v2\/posts\/1504","targetHints":{"allow":["GET"]}}],"collection":[{"href":"https:\/\/paramogaleria.com\/en\/wp-json\/wp\/v2\/posts"}],"about":[{"href":"https:\/\/paramogaleria.com\/en\/wp-json\/wp\/v2\/types\/post"}],"author":[{"embeddable":true,"href":"https:\/\/paramogaleria.com\/en\/wp-json\/wp\/v2\/users\/2"}],"replies":[{"embeddable":true,"href":"https:\/\/paramogaleria.com\/en\/wp-json\/wp\/v2\/comments?post=1504"}],"version-history":[{"count":0,"href":"https:\/\/paramogaleria.com\/en\/wp-json\/wp\/v2\/posts\/1504\/revisions"}],"wp:featuredmedia":[{"embeddable":true,"href":"https:\/\/paramogaleria.com\/en\/wp-json\/wp\/v2\/media\/991"}],"wp:attachment":[{"href":"https:\/\/paramogaleria.com\/en\/wp-json\/wp\/v2\/media?parent=1504"}],"wp:term":[{"taxonomy":"category","embeddable":true,"href":"https:\/\/paramogaleria.com\/en\/wp-json\/wp\/v2\/categories?post=1504"},{"taxonomy":"post_tag","embeddable":true,"href":"https:\/\/paramogaleria.com\/en\/wp-json\/wp\/v2\/tags?post=1504"}],"curies":[{"name":"wp","href":"https:\/\/api.w.org\/{rel}","templated":true}]}}