{"id":1497,"date":"2019-09-28T17:38:26","date_gmt":"2019-09-28T17:38:26","guid":{"rendered":"https:\/\/paramogaleria.com\/bayrol-jimenez-biography\/"},"modified":"2022-04-28T23:22:24","modified_gmt":"2022-04-28T23:22:24","slug":"bayrol-jimenez-biography","status":"publish","type":"post","link":"https:\/\/paramogaleria.com\/en\/bayrol-jimenez-biography\/","title":{"rendered":"Bayrol Jim\u00e9nez &#8211; Biography"},"content":{"rendered":"<!--themify_builder_content-->\n<div id=\"themify_builder_content-1497\" data-postid=\"1497\" class=\"themify_builder_content themify_builder_content-1497 themify_builder tf_clear\">\n                    <div  data-lazy=\"1\" class=\"module_row themify_builder_row content_space tb_5mzb586 tb_first tf_w\">\n                        <div class=\"row_inner col_align_top tb_col_count_2 tf_box tf_rel\">\n                        <div  data-lazy=\"1\" class=\"module_column tb-column col3-1 tb_p4z8066 first\">\n                    <!-- module template_part -->\n<div  class=\"module module-layout-part tb_m62i660 \">\n    <div class=\"tb_layout_part_wrap tf_w\"><!--themify_builder_content-->\n    <div  class=\"themify_builder_content themify_builder_content-1466 themify_builder not_editable_builder in_the_loop\" data-postid=\"1466\">\n                        <div  data-lazy=\"1\" class=\"module_row themify_builder_row tb_0hyk211 tf_w\">\n                        <div class=\"row_inner col_align_top tb_col_count_1 tf_box tf_rel\">\n                        <div  data-lazy=\"1\" class=\"module_column tb-column col-full tb_s9wn519 first\">\n                    <!-- module text -->\n<div  class=\"module module-text tb_82xz315   \" data-lazy=\"1\">\n        <div  class=\"tb_text_wrap\">\n        <h1>Bayrol Jim\u00e9nez<\/h1>    <\/div>\n<\/div>\n<!-- \/module text --><!-- module text -->\n<div  class=\"module module-text tb_gows059 artist_menu  \" data-lazy=\"1\">\n        <div  class=\"tb_text_wrap\">\n        <p><a href=\"https:\/\/paramogaleria.com\/en\/bayrol-jimenez-artwork\/\">SELECTED WORKS<\/a><\/p>\r\n<p><a href=\"https:\/\/paramogaleria.com\/en\/bayrol-jimenez-biography\/\">BIOGRAPHY<\/a><\/p>\r\n<p><a href=\"https:\/\/paramogaleria.com\/en\/bayrol-jimenez-exhibitions\/\"> EXHIBITIONS <\/a><\/p>    <\/div>\n<\/div>\n<!-- \/module text --><!-- module text -->\n<div  class=\"module module-text tb_73si012 artist_menu_downloads  \" data-lazy=\"1\">\n        <div  class=\"tb_text_wrap\">\n        <h5> Downloads:<\/h5>\r\n<p><a href=\"https:\/\/paramogaleria.com\/wp-content\/uploads\/2019\/09\/Bayrol-Jimenez-Biography-EN.pdf\" target=\"_blank\" rel=\"noopener\">Biography<\/a><\/p>\r\n<p><a href=\"https:\/\/paramogaleria.com\/wp-content\/uploads\/2019\/08\/Preview-Bayrol-Jimenez-Despues-de-la-fermentacion-solo-queda-el-pozo-2019-2019-EN.pdf\" target=\"_blank\" rel=\"noopener\">Portfolio<\/a><\/p>\r\n    <\/div>\n<\/div>\n<!-- \/module text -->        <\/div>\n                        <\/div>\n        <\/div>\n            <\/div>\n<!--\/themify_builder_content--><\/div>\n<\/div>\n<!-- \/module template_part -->        <\/div>\n                    <div  data-lazy=\"1\" class=\"module_column tb-column col3-2 tb_ewwg778 last\">\n                    <!-- module text -->\n<div  class=\"module module-text tb_dulz495 bio_artista  \" data-lazy=\"1\">\n        <div  class=\"tb_text_wrap\">\n        <h2>BAYROL JIM\u00c9NEZ<\/h2>\r\nThe practice of Bayrol Jim\u00e9nez (Oaxaca, Mexico, 1984) seeks to show experiences within drawing, painting or installation. This is conceived based on two ideas of memory. First as a space where the memories of images are not true to reality but work as a kind of collage of everything lived, small cuts that blend with each other. Second, the physical memory of the draftsman acquired through the practice of drawing through the eyes, the hand, the fingers, or the whole body, are only experience focused on processes that are transformed, under the philosophical concept of Emile Cioran, into simulations and waste.\r\n\r\nBayrol studied at the National School of Painting, Sculpture and Engraving,\u00a0<i>La Esmeralda<\/i>, and at the\u00a0<i>Villa Arson<\/i>\u00a0National Superior School of Art in Nice, France. As part of his work, Bayrol Jim\u00e9nez has made several international individual and collective exhibitions in which they stand out:\u00a0<i>Despu\u00e9s de la fermentaci\u00f3n s\u00f3lo queda el pozo<\/i>, P\u00e1ramo, Guadalajara, Mexico, 2019;\u00a0<i>Sombras de los Valles<\/i>, 14th edition, Hamburg, Germany, 2018;\u00a0<i>Frestas Triennial of Arts of Sao Paolo<\/i>, Brazil, 2014; exhibition finalists Canson\u00a0<i>International Drawing Award<\/i>, France, 2014;\u00a0<i>Sak\u00e0han<\/i>, National Gallery of Canada, Ottawa, 2013;\u00a0<i>Resisting the Present<\/i>, National Museum of Modern Art in Paris, France and Amparo Museum in Puebla, Mexico, 2012.\r\n\r\nWithin the continuous development of his practice, Jim\u00e9nez has been an artist in residence in various spaces such as the Foundry Darling, Montreal, Canada, 2019;\u00a0<i>SeMA Nanji<\/i>, Seoul Museum, South Korea, 2017; Bancomer Program Museo de Arte Carrillo Gil, 2017; PAOS Guadalajara, Mexico, 2015;\u00a0<i>La Cite des Arts<\/i>, Paris, France, 2012; and also FONCA Scholar Program 2015-2016 \/ 2013-2014; among others. Of the most recent (Foundry Darling, Montreal, Canada, 2019) is where the last proposal of his work comes from.\r\n\r\nBayrol Jim\u00e9nez\u2019s work is part of several private international collections including the Asante Collection, Switzerland; Kadist Collection, San Francisco, USA; Luciano Benneton Collection, Italy; Di\u00e9resis Collection, Guadalajara, Mexico; MIN Art Museum \/ Black Coffee Gallery, Mexico and Freek Lomme Collection, The Netherlands.\r\n\r\n\u00a0\r\n<h3>EDUCATION<\/h3>\r\n2003-2005\r\nNational School of Painting, Sculpture and Engraving, Mexito City\r\n\r\n2005-2007\r\n<i>Villa Arson<\/i>\u00a0National Superior School of Art, Nice, France\r\n\r\n\u00a0\r\n<h3>CURRENT AND UPCOMING<\/h3>\r\nSolo exhibition\r\n<i>Despu\u00e9s de la fermentaci\u00f3n s\u00f3lo queda el pozo<\/i>, P\u00e1ramo, Guadalajara, Mexico\r\nAugust 29 \u2013 October 11, 2019\r\n\r\nGroup exhibition\r\n<i>Dessin tiss\u00e9 de repentirs<\/i>, Foundry Darling, Montreal, Canada\r\nApril, 2019\r\n\r\n\u00a0\r\n<h3>SOLO EXHIBITIONS<\/h3>\r\n2018\r\n<i>Despu\u00e9s de la fermentaci\u00f3n s\u00f3lo queda el pozo<\/i>, P\u00e1ramo, Guadalajara, Mexico\r\n\r\n2018\r\n<i>Sombras de los valles<\/i>, 14a, Hamburg, Germany\r\n<i>Trabajo honrado<\/i>, Yope projects, Oaxaca, Mexico\r\n\r\n2015\r\n<i>my house backyard<\/i>, Mural painting commission, Metro Northshields, New Castle, England\r\n\r\n2014\r\n<i>Des grands yeux morts<\/i>, Dukan Gallery, Liepzig, Germany\r\n<i>El tiempo muerto de los d\u00edas perdidos<\/i>, Luis Adelantado Gallery, Mexito City\r\n\r\n2013\r\n<i>LandEscape<\/i>, Luis Adelantado Gallery, Valencia, Spain\r\n\r\n2012\r\n<i>The roads of devotion<\/i>, Dukan Hourdequin Gallery, Paris, France\r\n<i>Taste Rico<\/i>, La Station, Nice, France\r\n<i>Dramam\u00f3n<\/i>, Proyecto Fachada, Saps, Mexito City\r\n<i>Huella Urbana<\/i>, Casa Vecina, Mexito City\r\n\r\n2011\r\n<i>Death &#038; Gold<\/i>, l\u2019Assault de la Menuiserie, Saint Etienne, France\r\n\r\n2009\r\n<i>Symposium d\u00b4art contemporain<\/i>, Baie Saint Paul, Quebec, Canada\r\n\r\n\u00a0\r\n<h3>GROUP EXHIBITIONS<\/h3>\r\n2019\r\n<i>Dessin tiss\u00e9 de repentirs<\/i>, Foundry Darling, Montreal, Canada\r\n<i>gang bang<\/i>, Gabinete de gr\u00e1fica y papel, MACG, Mexito City\r\n\r\n2018\r\n<i>Modos de ver<\/i>, Bancomer-MACG program, Mexito City\r\n\r\n2017\r\n<i>International residents 11th<\/i>, SeMA Nanji, Seul, South Korea\r\n<i>Intento deliberado de incongruencia<\/i>, CentralSureste, Campeche, Mexico\r\n\r\n2016\r\n<i>Una red de l\u00edneas que se intercecan<\/i>, ESPAC, Mexito City\r\nNouvelles de nulle part, Centre d\u2019art les Capucins, Embrun, France\r\n<i>Atlas sobre papel<\/i>, P\u00e1ramo, Guadalajara, Jalisco, Mexico\r\n<i>Destroy All Your Humanity<\/i>, Off-Site P\u00e1ramo, The Mistake Room, Los Angeles, USA\r\n\r\n2015\r\n<i>Ofrenda<\/i>, Bayrol Jim\u00e9nez \/ Rolando Mart\u00ednez, Museo de Arte Carrillo Gil, Mexito City\r\n<i>Bienal de la Habana<\/i>, Bayrol Jim\u00e9nez\/Rolando Mart\u00ednez, La Curtidur\u00eda, Havana, Cuba\r\n<i>La Llamada del Dios Extra\u00f1o #2<\/i>, El Museo de los Pintores Oaxaque\u00f1os, Oaxaca, Mexico\r\n<i>20 ans d\u2019expositions<\/i>, Group exhibition, l\u2019 Assault de la Menuiserie, Saint Etienne, France\r\n<i>Blam Baum Balade<\/i>, Bayrol Jimenez &#038; Jeremire Paul, MDAC Haut de Cagnes, Provence-Alpes-Cote D\u2019 Azur, France\r\n\r\n2014\r\n<i>Frestas Trienal de Artes<\/i>, Sorocaba, Sao Paolo, Brazil\r\n<i>La llamada del Dios Extra\u00f1o<\/i>, Gabinete Homo-Extraterrestre, Di\u00e9resis, Guadalajara, Mexico\r\n<i>Premio de dibujo Canson Prix<\/i>, Esther Montoriol Gallery, Barcelona, Spain\r\n<i>Premio de dibujo Canson Prix<\/i>, ArtParis, Grand Palais, Paris, France\r\n<i>Pinta<\/i>, Artfair, Galer\u00eda Dukan, London, England\r\n\r\n2013\r\n<i>Las leyes naturales de la entrop\u00eda<\/i>, ZsONAMACO, Oaxaca, Mexico\r\n<i>Sakahan<\/i>, National Gallery of Canada, Ottawa, Canada\r\n\r\n2012\r\n<i>Resisting the Present<\/i>, Mus\u00e9e d\u2019Art moderne de la Ville of Paris, France\r\n<i>Smile<\/i>, Galerie de Mussees de Toulon, France\r\n<i>Mitos Oficiales<\/i>, Laboratorio Oaxaca, Oaxaca, Mexico\r\n\r\n2011\r\n<i>Resisting the Present<\/i>, Museo Amparo, Puebla, Mexico\r\n<i>Thevoiceof\u2026<\/i>, Onomatopee, Eindhoven, Netherlands\r\n<i>Resistencia<\/i>, Museo de los Pintores de Oaxaca (MUPO), Mexico\r\n\r\n2009\r\n<i>54 Sal\u00f3n de Arte Montrouge<\/i>, Montrouge, Paris, France\r\n\r\n\u00a0\r\n<h3>ART GRANTS<\/h3>\r\n2017\r\nFifth edition, Bancomer MACG program\r\n\r\n2015-2016\r\nYoung Creators of the FONCA Scholar Program, Mexico\r\n\r\n2013-2014\r\nYoung Creators of the FONCA Scholar Program, Mexico\r\n\r\n\u00a0\r\n<h3>ART RESIDENCIES<\/h3>\r\n2019\r\nFoundry Darling, Montreal, Canada\r\n\r\n2017\r\nSeoul Museum of Art, South Korea, SeMA NANJI\r\n\r\n2015\r\nPAOS Guadalajara, Jalisco, Mexico\r\n\r\n2012\r\nCit\u00e9 International des Arts, Paris, France\r\n\r\n2009\r\nSimposium d\u2019art Contemporain Baie Saint Paul, Quebec, Canada\r\n\r\n\u00a0\r\n<h3>COLLECTIONS<\/h3>\r\nAsante Collection, Switzerland\r\nKadist Collection, San Francisco, USA\r\nLuciano Benneton Collection, Italy\r\nHYD Midtown, Miami, USA\r\nDi\u00e9resis Collection, Guadalajara, Mexico\r\nMIN Art Museum \/ Black Coffee Gallery, M\u00e9xico\r\nFreek Lomme Collection, Netherlands    <\/div>\n<\/div>\n<!-- \/module text -->        <\/div>\n                        <\/div>\n        <\/div>\n        <\/div>\n<!--\/themify_builder_content-->","protected":false},"excerpt":{"rendered":"<p>Bayrol Jim\u00e9nez SELECTED WORKS BIOGRAPHY EXHIBITIONS Downloads: Biography Portfolio BAYROL JIM\u00c9NEZ The practice of Bayrol Jim\u00e9nez (Oaxaca, Mexico, 1984) seeks to show experiences within drawing, painting or installation. This is conceived based on two ideas of memory. First as a space where the memories of images are not true to reality but work as a [&hellip;]<\/p>\n","protected":false},"author":2,"featured_media":940,"comment_status":"closed","ping_status":"closed","sticky":false,"template":"","format":"standard","meta":{"footnotes":""},"categories":[17],"tags":[],"class_list":["post-1497","post","type-post","status-publish","format-standard","has-post-thumbnail","hentry","category-biographies","has-post-title","has-post-date","has-post-category","has-post-tag","has-post-comment","has-post-author",""],"yoast_head":"<!-- This site is optimized with the Yoast SEO plugin v24.2 - https:\/\/yoast.com\/wordpress\/plugins\/seo\/ -->\n<title>Bayrol Jim\u00e9nez - Biography - P\u00e1ramo<\/title>\n<meta name=\"robots\" content=\"index, follow, max-snippet:-1, max-image-preview:large, max-video-preview:-1\" \/>\n<link rel=\"canonical\" href=\"https:\/\/paramogaleria.com\/en\/bayrol-jimenez-biography\/\" \/>\n<meta property=\"og:locale\" content=\"en_US\" \/>\n<meta property=\"og:type\" content=\"article\" \/>\n<meta property=\"og:title\" content=\"Bayrol Jim\u00e9nez - Biography - P\u00e1ramo\" \/>\n<meta property=\"og:description\" content=\"Bayrol Jim\u00e9nez SELECTED WORKS BIOGRAPHY EXHIBITIONS Downloads: Biography Portfolio BAYROL JIM\u00c9NEZ The practice of Bayrol Jim\u00e9nez (Oaxaca, Mexico, 1984) seeks to show experiences within drawing, painting or installation. This is conceived based on two ideas of memory. First as a space where the memories of images are not true to reality but work as a [&hellip;]\" \/>\n<meta property=\"og:url\" content=\"https:\/\/paramogaleria.com\/en\/bayrol-jimenez-biography\/\" \/>\n<meta property=\"og:site_name\" content=\"P\u00e1ramo\" \/>\n<meta property=\"article:published_time\" content=\"2019-09-28T17:38:26+00:00\" \/>\n<meta property=\"article:modified_time\" content=\"2022-04-28T23:22:24+00:00\" \/>\n<meta property=\"og:image\" content=\"https:\/\/paramogaleria.com\/wp-content\/uploads\/2019\/09\/Bayrol-Jimenez.jpg\" \/>\n\t<meta property=\"og:image:width\" content=\"350\" \/>\n\t<meta property=\"og:image:height\" content=\"217\" \/>\n\t<meta property=\"og:image:type\" content=\"image\/jpeg\" \/>\n<meta name=\"author\" content=\"ramoparadmin\" \/>\n<meta name=\"twitter:card\" content=\"summary_large_image\" \/>\n<meta name=\"twitter:label1\" content=\"Written by\" \/>\n\t<meta name=\"twitter:data1\" content=\"ramoparadmin\" \/>\n\t<meta name=\"twitter:label2\" content=\"Est. reading time\" \/>\n\t<meta name=\"twitter:data2\" content=\"4 minutes\" \/>\n<script type=\"application\/ld+json\" class=\"yoast-schema-graph\">{\"@context\":\"https:\/\/schema.org\",\"@graph\":[{\"@type\":\"WebPage\",\"@id\":\"https:\/\/paramogaleria.com\/en\/bayrol-jimenez-biography\/\",\"url\":\"https:\/\/paramogaleria.com\/en\/bayrol-jimenez-biography\/\",\"name\":\"Bayrol Jim\u00e9nez - Biography - P\u00e1ramo\",\"isPartOf\":{\"@id\":\"https:\/\/paramogaleria.com\/en\/#website\"},\"primaryImageOfPage\":{\"@id\":\"https:\/\/paramogaleria.com\/en\/bayrol-jimenez-biography\/#primaryimage\"},\"image\":{\"@id\":\"https:\/\/paramogaleria.com\/en\/bayrol-jimenez-biography\/#primaryimage\"},\"thumbnailUrl\":\"https:\/\/paramogaleria.com\/wp-content\/uploads\/2019\/09\/Bayrol-Jimenez.jpg\",\"datePublished\":\"2019-09-28T17:38:26+00:00\",\"dateModified\":\"2022-04-28T23:22:24+00:00\",\"author\":{\"@id\":\"https:\/\/paramogaleria.com\/en\/#\/schema\/person\/5010fb9c6ecba6fd9fd566c903d0013e\"},\"breadcrumb\":{\"@id\":\"https:\/\/paramogaleria.com\/en\/bayrol-jimenez-biography\/#breadcrumb\"},\"inLanguage\":\"en-US\",\"potentialAction\":[{\"@type\":\"ReadAction\",\"target\":[\"https:\/\/paramogaleria.com\/en\/bayrol-jimenez-biography\/\"]}]},{\"@type\":\"ImageObject\",\"inLanguage\":\"en-US\",\"@id\":\"https:\/\/paramogaleria.com\/en\/bayrol-jimenez-biography\/#primaryimage\",\"url\":\"https:\/\/paramogaleria.com\/wp-content\/uploads\/2019\/09\/Bayrol-Jimenez.jpg\",\"contentUrl\":\"https:\/\/paramogaleria.com\/wp-content\/uploads\/2019\/09\/Bayrol-Jimenez.jpg\",\"width\":350,\"height\":217,\"caption\":\"Bayrol Jim\u00e9nez\"},{\"@type\":\"BreadcrumbList\",\"@id\":\"https:\/\/paramogaleria.com\/en\/bayrol-jimenez-biography\/#breadcrumb\",\"itemListElement\":[{\"@type\":\"ListItem\",\"position\":1,\"name\":\"Portada\",\"item\":\"https:\/\/paramogaleria.com\/en\/\"},{\"@type\":\"ListItem\",\"position\":2,\"name\":\"Bayrol Jim\u00e9nez &#8211; Biography\"}]},{\"@type\":\"WebSite\",\"@id\":\"https:\/\/paramogaleria.com\/en\/#website\",\"url\":\"https:\/\/paramogaleria.com\/en\/\",\"name\":\"P\u00e1ramo\",\"description\":\"Galer\u00eda\",\"potentialAction\":[{\"@type\":\"SearchAction\",\"target\":{\"@type\":\"EntryPoint\",\"urlTemplate\":\"https:\/\/paramogaleria.com\/en\/?s={search_term_string}\"},\"query-input\":{\"@type\":\"PropertyValueSpecification\",\"valueRequired\":true,\"valueName\":\"search_term_string\"}}],\"inLanguage\":\"en-US\"},{\"@type\":\"Person\",\"@id\":\"https:\/\/paramogaleria.com\/en\/#\/schema\/person\/5010fb9c6ecba6fd9fd566c903d0013e\",\"name\":\"ramoparadmin\",\"image\":{\"@type\":\"ImageObject\",\"inLanguage\":\"en-US\",\"@id\":\"https:\/\/paramogaleria.com\/en\/#\/schema\/person\/image\/\",\"url\":\"https:\/\/secure.gravatar.com\/avatar\/f0e2d1fc01ac98fe842749657eaa45ec0df66ed605ccb8f6ece3012942796079?s=96&d=mm&r=g\",\"contentUrl\":\"https:\/\/secure.gravatar.com\/avatar\/f0e2d1fc01ac98fe842749657eaa45ec0df66ed605ccb8f6ece3012942796079?s=96&d=mm&r=g\",\"caption\":\"ramoparadmin\"},\"sameAs\":[\"https:\/\/paramogaleria.com\"],\"url\":\"https:\/\/paramogaleria.com\/en\/author\/ramoparadmin\/\"}]}<\/script>\n<!-- \/ Yoast SEO plugin. -->","yoast_head_json":{"title":"Bayrol Jim\u00e9nez - Biography - P\u00e1ramo","robots":{"index":"index","follow":"follow","max-snippet":"max-snippet:-1","max-image-preview":"max-image-preview:large","max-video-preview":"max-video-preview:-1"},"canonical":"https:\/\/paramogaleria.com\/en\/bayrol-jimenez-biography\/","og_locale":"en_US","og_type":"article","og_title":"Bayrol Jim\u00e9nez - Biography - P\u00e1ramo","og_description":"Bayrol Jim\u00e9nez SELECTED WORKS BIOGRAPHY EXHIBITIONS Downloads: Biography Portfolio BAYROL JIM\u00c9NEZ The practice of Bayrol Jim\u00e9nez (Oaxaca, Mexico, 1984) seeks to show experiences within drawing, painting or installation. This is conceived based on two ideas of memory. First as a space where the memories of images are not true to reality but work as a [&hellip;]","og_url":"https:\/\/paramogaleria.com\/en\/bayrol-jimenez-biography\/","og_site_name":"P\u00e1ramo","article_published_time":"2019-09-28T17:38:26+00:00","article_modified_time":"2022-04-28T23:22:24+00:00","og_image":[{"width":350,"height":217,"url":"https:\/\/paramogaleria.com\/wp-content\/uploads\/2019\/09\/Bayrol-Jimenez.jpg","type":"image\/jpeg"}],"author":"ramoparadmin","twitter_card":"summary_large_image","twitter_misc":{"Written by":"ramoparadmin","Est. reading time":"4 minutes"},"schema":{"@context":"https:\/\/schema.org","@graph":[{"@type":"WebPage","@id":"https:\/\/paramogaleria.com\/en\/bayrol-jimenez-biography\/","url":"https:\/\/paramogaleria.com\/en\/bayrol-jimenez-biography\/","name":"Bayrol Jim\u00e9nez - Biography - P\u00e1ramo","isPartOf":{"@id":"https:\/\/paramogaleria.com\/en\/#website"},"primaryImageOfPage":{"@id":"https:\/\/paramogaleria.com\/en\/bayrol-jimenez-biography\/#primaryimage"},"image":{"@id":"https:\/\/paramogaleria.com\/en\/bayrol-jimenez-biography\/#primaryimage"},"thumbnailUrl":"https:\/\/paramogaleria.com\/wp-content\/uploads\/2019\/09\/Bayrol-Jimenez.jpg","datePublished":"2019-09-28T17:38:26+00:00","dateModified":"2022-04-28T23:22:24+00:00","author":{"@id":"https:\/\/paramogaleria.com\/en\/#\/schema\/person\/5010fb9c6ecba6fd9fd566c903d0013e"},"breadcrumb":{"@id":"https:\/\/paramogaleria.com\/en\/bayrol-jimenez-biography\/#breadcrumb"},"inLanguage":"en-US","potentialAction":[{"@type":"ReadAction","target":["https:\/\/paramogaleria.com\/en\/bayrol-jimenez-biography\/"]}]},{"@type":"ImageObject","inLanguage":"en-US","@id":"https:\/\/paramogaleria.com\/en\/bayrol-jimenez-biography\/#primaryimage","url":"https:\/\/paramogaleria.com\/wp-content\/uploads\/2019\/09\/Bayrol-Jimenez.jpg","contentUrl":"https:\/\/paramogaleria.com\/wp-content\/uploads\/2019\/09\/Bayrol-Jimenez.jpg","width":350,"height":217,"caption":"Bayrol Jim\u00e9nez"},{"@type":"BreadcrumbList","@id":"https:\/\/paramogaleria.com\/en\/bayrol-jimenez-biography\/#breadcrumb","itemListElement":[{"@type":"ListItem","position":1,"name":"Portada","item":"https:\/\/paramogaleria.com\/en\/"},{"@type":"ListItem","position":2,"name":"Bayrol Jim\u00e9nez &#8211; Biography"}]},{"@type":"WebSite","@id":"https:\/\/paramogaleria.com\/en\/#website","url":"https:\/\/paramogaleria.com\/en\/","name":"P\u00e1ramo","description":"Galer\u00eda","potentialAction":[{"@type":"SearchAction","target":{"@type":"EntryPoint","urlTemplate":"https:\/\/paramogaleria.com\/en\/?s={search_term_string}"},"query-input":{"@type":"PropertyValueSpecification","valueRequired":true,"valueName":"search_term_string"}}],"inLanguage":"en-US"},{"@type":"Person","@id":"https:\/\/paramogaleria.com\/en\/#\/schema\/person\/5010fb9c6ecba6fd9fd566c903d0013e","name":"ramoparadmin","image":{"@type":"ImageObject","inLanguage":"en-US","@id":"https:\/\/paramogaleria.com\/en\/#\/schema\/person\/image\/","url":"https:\/\/secure.gravatar.com\/avatar\/f0e2d1fc01ac98fe842749657eaa45ec0df66ed605ccb8f6ece3012942796079?s=96&d=mm&r=g","contentUrl":"https:\/\/secure.gravatar.com\/avatar\/f0e2d1fc01ac98fe842749657eaa45ec0df66ed605ccb8f6ece3012942796079?s=96&d=mm&r=g","caption":"ramoparadmin"},"sameAs":["https:\/\/paramogaleria.com"],"url":"https:\/\/paramogaleria.com\/en\/author\/ramoparadmin\/"}]}},"_links":{"self":[{"href":"https:\/\/paramogaleria.com\/en\/wp-json\/wp\/v2\/posts\/1497","targetHints":{"allow":["GET"]}}],"collection":[{"href":"https:\/\/paramogaleria.com\/en\/wp-json\/wp\/v2\/posts"}],"about":[{"href":"https:\/\/paramogaleria.com\/en\/wp-json\/wp\/v2\/types\/post"}],"author":[{"embeddable":true,"href":"https:\/\/paramogaleria.com\/en\/wp-json\/wp\/v2\/users\/2"}],"replies":[{"embeddable":true,"href":"https:\/\/paramogaleria.com\/en\/wp-json\/wp\/v2\/comments?post=1497"}],"version-history":[{"count":0,"href":"https:\/\/paramogaleria.com\/en\/wp-json\/wp\/v2\/posts\/1497\/revisions"}],"wp:featuredmedia":[{"embeddable":true,"href":"https:\/\/paramogaleria.com\/en\/wp-json\/wp\/v2\/media\/940"}],"wp:attachment":[{"href":"https:\/\/paramogaleria.com\/en\/wp-json\/wp\/v2\/media?parent=1497"}],"wp:term":[{"taxonomy":"category","embeddable":true,"href":"https:\/\/paramogaleria.com\/en\/wp-json\/wp\/v2\/categories?post=1497"},{"taxonomy":"post_tag","embeddable":true,"href":"https:\/\/paramogaleria.com\/en\/wp-json\/wp\/v2\/tags?post=1497"}],"curies":[{"name":"wp","href":"https:\/\/api.w.org\/{rel}","templated":true}]}}